{"id":7218,"date":"2026-06-15T23:21:14","date_gmt":"2026-06-15T21:21:14","guid":{"rendered":"https:\/\/randietech.com\/blog\/a-la-une\/apple-devoile-son-iphone-15-quelles-sont-les-vraies-nouveautes\/"},"modified":"2026-06-15T23:21:14","modified_gmt":"2026-06-15T21:21:14","slug":"apple-devoile-son-iphone-15-quelles-sont-les-vraies-nouveautes","status":"publish","type":"post","link":"https:\/\/randietech.com\/blog\/actualites-high-tech\/apple-devoile-son-iphone-15-quelles-sont-les-vraies-nouveautes\/","title":{"rendered":"Apple d\u00e9voile son iPhone 15 : quelles sont les vraies nouveaut\u00e9s ?"},"content":{"rendered":"\n<link rel=\"stylesheet\" href=\"https:\/\/fonts.googleapis.com\/css2?family=Newsreader:ital,opsz,wght@0,6..72,500..700;1,6..72,500..600&#038;family=Inter:wght@400;500;600&#038;family=JetBrains+Mono:wght@500&#038;display=swap\">\n<style>\n.rt-actu-wrap{font-family:'Inter',-apple-system,BlinkMacSystemFont,sans-serif;color:#1f2733;line-height:1.65;font-size:17px;max-width:760px}\n.rt-actu-wrap h2{font-family:'Newsreader',Georgia,serif;font-weight:700;color:#101826;font-size:clamp(24px,3.2vw,33px);line-height:1.18;letter-spacing:-.01em;margin:52px 0 14px}\n.rt-actu-wrap h3{font-family:'Newsreader',Georgia,serif;font-weight:600;color:#1b2536;font-size:clamp(19px,2.2vw,22px);margin:30px 0 8px}\n.rt-actu-wrap p{margin:14px 0}\n.rt-actu-kicker{font-family:'JetBrains Mono',monospace;font-size:12px;font-weight:500;letter-spacing:.12em;text-transform:uppercase;color:#3b5b97}\n.rt-actu-dateline{font-family:'JetBrains Mono',monospace;font-size:12.5px;color:#5a6b85;letter-spacing:.04em;margin:6px 0 22px}\n.rt-actu-ess{background:#f3f6fc;border-left:5px solid #3b5b97;border-radius:0 12px 12px 0;padding:22px 26px;margin:26px 0;box-shadow:0 1px 2px rgba(16,24,40,.05),0 14px 30px -20px rgba(16,24,40,.22)}\n.rt-actu-ess .rt-actu-h{font-family:'Newsreader',Georgia,serif;font-weight:700;font-size:21px;color:#101826;margin-bottom:4px}\n.rt-actu-ess ul{margin:12px 0 0;padding-left:0;list-style:none}\n.rt-actu-ess li{position:relative;padding-left:26px;margin:9px 0;color:#23303f}\n.rt-actu-ess li::before{content:\"\u2192\";position:absolute;left:0;top:0;color:#3b5b97;font-weight:700}\n.rt-actu-ess li strong{color:#101826}\n.rt-actu-grid{display:grid;grid-template-columns:repeat(auto-fit,minmax(230px,1fr));gap:16px;margin:28px 0}\n.rt-actu-card{background:#fff;border:1px solid #e4e8f0;border-top:3px solid #3b5b97;border-radius:12px;padding:20px 22px;transition:.25s ease;box-shadow:0 1px 2px rgba(16,24,40,.04)}\n.rt-actu-card:hover{transform:translateY(-3px);box-shadow:0 10px 26px -14px rgba(16,24,40,.28);border-color:#cdd6e6}\n.rt-actu-card .rt-actu-ct{font-family:'Newsreader',Georgia,serif;font-weight:600;font-size:18.5px;color:#101826;margin-bottom:6px}\n.rt-actu-card .rt-actu-txt{font-size:15.5px;color:#3a465a;line-height:1.55}\n.rt-actu-tablewrap{margin:30px 0;border:1px solid #e4e8f0;border-radius:12px;overflow:hidden;box-shadow:0 1px 2px rgba(16,24,40,.04)}\n.rt-actu-tablewrap table{width:100%;border-collapse:collapse;font-size:15px}\n.rt-actu-tablewrap th{background:#101826;color:#eef3f9;font-family:'JetBrains Mono',monospace;font-size:12px;letter-spacing:.05em;text-transform:uppercase;text-align:left;padding:13px 16px}\n.rt-actu-tablewrap td{padding:13px 16px;border-top:1px solid #eceff5;color:#28333f;vertical-align:top}\n.rt-actu-tablewrap tr:nth-child(even) td{background:#f8fafd}\n.rt-actu-tablewrap td strong{color:#101826}\n.rt-actu-retain{background:#101826;color:#eef3f9;border-radius:14px;padding:26px 28px;margin:40px 0}\n.rt-actu-retain .rt-actu-h{font-family:'Newsreader',Georgia,serif;font-weight:700;font-size:22px;color:#fff;margin-bottom:10px}\n.rt-actu-retain ul{margin:0;padding-left:0;list-style:none}\n.rt-actu-retain li{position:relative;padding-left:28px;margin:10px 0;color:#eef3f9}\n.rt-actu-retain li::before{content:\"\u2605\";position:absolute;left:0;top:0;color:#7fa0d8}\n.rt-actu-retain p,.rt-actu-retain li,.rt-actu-retain span{color:#eef3f9!important}\n.rt-actu-retain strong,.rt-actu-retain b{color:#fff!important}\n.rt-actu-pull{font-family:'Newsreader',Georgia,serif;font-style:italic;font-weight:500;font-size:clamp(21px,2.6vw,26px);line-height:1.4;color:#101826;border-left:4px solid #3b5b97;padding:6px 0 6px 22px;margin:34px 0}\n.rt-actu-wrap details{border:1px solid #e4e8f0;border-radius:10px;margin:12px 0;padding:0 18px;background:#fff;transition:.2s ease}\n.rt-actu-wrap details[open]{box-shadow:0 8px 22px -16px rgba(16,24,40,.3);border-color:#cdd6e6}\n.rt-actu-wrap summary{font-family:'Newsreader',Georgia,serif;font-weight:600;font-size:18px;color:#16202e;cursor:pointer;padding:16px 0;list-style:none;position:relative;padding-right:30px}\n.rt-actu-wrap summary::-webkit-details-marker{display:none}\n.rt-actu-wrap summary::after{content:\"+\";position:absolute;right:4px;top:14px;color:#3b5b97;font-size:22px;font-weight:600}\n.rt-actu-wrap details[open] summary::after{content:\"\u2013\"}\n.rt-actu-wrap details .rt-actu-a{padding:0 0 16px;color:#3a465a;font-size:15.5px;line-height:1.6}\n.rt-actu-wrap a{color:#2d4f8e;text-decoration:underline;text-underline-offset:2px}\n@media(max-width:640px){.rt-actu-wrap{font-size:16px}}\n<\/style>\n<div class=\"rt-actu-wrap\">\n<div class=\"rt-actu-kicker\">Tech \u00b7 Apple<\/div>\n<div class=\"rt-actu-dateline\">Keynote du 12 septembre 2023 \u2014 Apple Park, Cupertino<\/div>\n<\/div>\n\n\n<p class=\"wp-block-paragraph\">Lors de sa keynote du 12 septembre 2023, Apple a lev\u00e9 le voile sur l&rsquo;<strong>iPhone 15<\/strong>. Entre le passage \u00e0 l&rsquo;<strong>USB-C<\/strong>, l&rsquo;arriv\u00e9e de la <strong>Dynamic Island<\/strong> sur les mod\u00e8les standards et un capteur photo de 48 m\u00e9gapixels, cette g\u00e9n\u00e9ration marque plusieurs ruptures concr\u00e8tes. On fait le tri entre annonces marketing et vraies nouveaut\u00e9s utiles au quotidien.<\/p>\n\n\n<div class=\"rt-actu-wrap\">\n<div class=\"rt-actu-ess\">\n<div class=\"rt-actu-h\">L&rsquo;essentiel<\/div>\n<ul>\n<li><strong>Quoi<\/strong> \u2014 Apple d\u00e9voile l&rsquo;iPhone 15 et l&rsquo;iPhone 15 Plus, ainsi que les versions Pro et Pro Max.<\/li>\n<li><strong>Quand \/ qui<\/strong> \u2014 Keynote Apple du 12 septembre 2023, \u00e0 Cupertino.<\/li>\n<li><strong>Pourquoi \u00e7a compte<\/strong> \u2014 Premier iPhone en USB-C (fin du Lightning), Dynamic Island g\u00e9n\u00e9ralis\u00e9e, \u00e9cran jusqu&rsquo;\u00e0 2000 nits, capteur principal 48 Mpx, puce A17 Pro sur les mod\u00e8les Pro et bo\u00eetier titane c\u00f4t\u00e9 Pro.<\/li>\n<\/ul>\n<\/div>\n<\/div>\n\n\n<h2 class=\"wp-block-heading\">Les nouvelles caract\u00e9ristiques de l&rsquo;iPhone 15<\/h2>\n\n\n<p class=\"wp-block-paragraph\">Lors de la keynote du 12 septembre 2023, Apple a r\u00e9v\u00e9l\u00e9 les nouveaux mod\u00e8les d&rsquo;<strong>iPhone 15<\/strong>, incluant l&rsquo;<strong>iPhone 15<\/strong> et l&rsquo;<strong>iPhone 15 Plus<\/strong>, ainsi que les versions Pro. Voici les nouveaut\u00e9s qui marquent vraiment cette g\u00e9n\u00e9ration par rapport aux pr\u00e9c\u00e9dentes.<\/p>\n\n\n<div class=\"rt-actu-wrap\">\n<div class=\"rt-actu-grid\">\n<div class=\"rt-actu-card\">\n<div class=\"rt-actu-ct\">Design et mat\u00e9riaux<\/div>\n<div class=\"rt-actu-txt\">Bords plus arrondis pour une meilleure prise en main et bo\u00eetier compos\u00e9 \u00e0 75 % d&rsquo;aluminium recycl\u00e9, dans la continuit\u00e9 des engagements d&rsquo;Apple sur la durabilit\u00e9.<\/div>\n<\/div>\n<div class=\"rt-actu-card\">\n<div class=\"rt-actu-ct\">\u00c9cran et affichage<\/div>\n<div class=\"rt-actu-txt\">\u00c9cran plus lumineux atteignant 2000 nits en pic, et surtout la Dynamic Island qui remplace l&rsquo;encoche \u2014 y compris sur les mod\u00e8les standards.<\/div>\n<\/div>\n<div class=\"rt-actu-card\">\n<div class=\"rt-actu-ct\">Appareil photo<\/div>\n<div class=\"rt-actu-txt\">Capteur principal de 48 m\u00e9gapixels pour des clich\u00e9s plus d\u00e9taill\u00e9s, nettement au-dessus des mod\u00e8les pr\u00e9c\u00e9dents.<\/div>\n<\/div>\n<div class=\"rt-actu-card\">\n<div class=\"rt-actu-ct\">Processeur<\/div>\n<div class=\"rt-actu-txt\">Les iPhone 15 Pro et Pro Max embarquent la nouvelle puce A17 Pro, un bond face \u00e0 l&rsquo;A16 Bionic des g\u00e9n\u00e9rations ant\u00e9rieures.<\/div>\n<\/div>\n<div class=\"rt-actu-card\">\n<div class=\"rt-actu-ct\">Connectivit\u00e9<\/div>\n<div class=\"rt-actu-txt\">Pour la premi\u00e8re fois, un port USB-C remplace le Lightning, simplifiant la compatibilit\u00e9 avec les autres appareils et accessoires.<\/div>\n<\/div>\n<\/div>\n<\/div>\n\n\n<p class=\"wp-block-paragraph\">L&rsquo;<strong>iPhone 15<\/strong> apporte avec lui un souffle nouveau en mati\u00e8re de <strong>design<\/strong>. Avec des lignes plus douces et des finitions soign\u00e9es, il se d\u00e9marque clairement des mod\u00e8les ant\u00e9rieurs. Le travail sur les mat\u00e9riaux et le verre textur\u00e9 renforce la sensation de robustesse au quotidien.<\/p>\n\n\n<h2 class=\"wp-block-heading\">Modifications esth\u00e9tiques<\/h2>\n\n\n<p class=\"wp-block-paragraph\">Ce mod\u00e8le mise sur un <strong>cadre raffin\u00e9<\/strong> qui accentue son allure moderne tout en restant l\u00e9ger. Les angles sont plus arrondis, rendant l&rsquo;appareil plus agr\u00e9able \u00e0 tenir en main, et la surface arri\u00e8re l\u00e9g\u00e8rement incurv\u00e9e am\u00e9liore l&rsquo;ergonomie. La position des capteurs a \u00e9galement \u00e9t\u00e9 ajust\u00e9e pour une sym\u00e9trie plus harmonieuse.<\/p>\n\n\n<h2 class=\"wp-block-heading\">Options de couleurs<\/h2>\n\n\n<p class=\"wp-block-paragraph\">L&rsquo;iPhone 15 propose une palette de <strong>couleurs<\/strong> renouvel\u00e9e qui saura s\u00e9duire un large public. Les nouveaux coloris incluent :<\/p>\n\n\n<ul class=\"wp-block-list\">\n\n<li><strong>Noir Profond<\/strong><\/li>\n\n\n<li><strong>Blanc \u00c9clatant<\/strong><\/li>\n\n\n<li><strong>Rouge Cramoisi<\/strong><\/li>\n\n\n<li><strong>Vert For\u00eat<\/strong><\/li>\n\n\n<li><strong>Bleu Oc\u00e9an<\/strong><\/li>\n\n<\/ul>\n\n\n<p class=\"wp-block-paragraph\">Chacune de ces couleurs pr\u00e9sente une finition satin\u00e9e, ajoutant une touche de modernit\u00e9 tout en \u00e9vitant les empreintes digitales.<\/p>\n\n\n<h2 class=\"wp-block-heading\">Comparaison avec les mod\u00e8les ant\u00e9rieurs<\/h2>\n\n\n<p class=\"wp-block-paragraph\">L&rsquo;un des \u00e9l\u00e9ments qui distingue l&rsquo;iPhone 15 des mod\u00e8les pr\u00e9c\u00e9dents est l&rsquo;adoption de la <strong>connectivit\u00e9 USB-C<\/strong>, qui remplace le traditionnel port Lightning et ouvre la voie \u00e0 une meilleure compatibilit\u00e9 avec d&rsquo;autres appareils. Le syst\u00e8me de cam\u00e9ras a par ailleurs \u00e9t\u00e9 repositionn\u00e9 pour un acc\u00e8s plus facile et de meilleures performances, notamment en faible luminosit\u00e9.<\/p>\n\n\n<div class=\"rt-actu-wrap\">\n<div class=\"rt-actu-tablewrap\">\n<table>\n<thead><tr><th>\u00c9l\u00e9ment<\/th><th>iPhone 15 (g\u00e9n\u00e9ration 2023)<\/th><th>Mod\u00e8les pr\u00e9c\u00e9dents<\/th><\/tr><\/thead>\n<tbody>\n<tr><td><strong>Connectique<\/strong><\/td><td>Port USB-C<\/td><td>Port Lightning<\/td><\/tr>\n<tr><td><strong>Affichage<\/strong><\/td><td>Dynamic Island sur tous les mod\u00e8les, jusqu&rsquo;\u00e0 2000 nits<\/td><td>Encoche classique<\/td><\/tr>\n<tr><td><strong>Capteur photo<\/strong><\/td><td>Principal 48 Mpx<\/td><td>Capteur principal de r\u00e9solution inf\u00e9rieure<\/td><\/tr>\n<tr><td><strong>Puce (Pro \/ Pro Max)<\/strong><\/td><td>A17 Pro<\/td><td>A16 Bionic<\/td><\/tr>\n<tr><td><strong>Ch\u00e2ssis (Pro)<\/strong><\/td><td>Bo\u00eetier en titane<\/td><td>Bo\u00eetier en aluminium<\/td><\/tr>\n<\/tbody>\n<\/table>\n<\/div>\n<\/div>\n\n\n<h2 class=\"wp-block-heading\">Am\u00e9liorations de l&rsquo;appareil photo<\/h2>\n\n\n<p class=\"wp-block-paragraph\">L&rsquo;un des points forts de l&rsquo;<strong>iPhone 15<\/strong> est son <strong>appareil photo<\/strong> principal, qui dispose d\u00e9sormais d&rsquo;un capteur de <strong>48 m\u00e9gapixels<\/strong>. Cette mont\u00e9e en r\u00e9solution permet de capturer des photos d&rsquo;une clart\u00e9 impressionnante, y compris en faible luminosit\u00e9. La <strong>technologie de traitement d&rsquo;image<\/strong> embarqu\u00e9e offre des couleurs plus vives et des contrastes plus marqu\u00e9s, tandis que le mode <strong>Photonic Engine<\/strong> optimise chaque clich\u00e9 gr\u00e2ce \u00e0 des algorithmes avanc\u00e9s pour des images plus d\u00e9taill\u00e9es.<\/p>\n\n\n<h2 class=\"wp-block-heading\">Dur\u00e9e de vie de la batterie<\/h2>\n\n\n<p class=\"wp-block-paragraph\">C\u00f4t\u00e9 <strong>autonomie<\/strong>, l&rsquo;iPhone 15 est pens\u00e9 pour durer plus longtemps. Gr\u00e2ce \u00e0 une gestion \u00e9nerg\u00e9tique optimis\u00e9e associ\u00e9e \u00e0 la <strong>puce A16 Bionic<\/strong>, les utilisateurs peuvent compter sur une endurance solide : l&rsquo;iPhone 15 Plus peut atteindre jusqu&rsquo;\u00e0 <strong>26 heures<\/strong> d&rsquo;utilisation, ce qui en fait un compagnon id\u00e9al pour les journ\u00e9es charg\u00e9es. Les fonctions de <strong>charge rapide<\/strong> permettent par ailleurs de r\u00e9cup\u00e9rer une autonomie substantielle en peu de temps.<\/p>\n\n\n<h2 class=\"wp-block-heading\">Int\u00e9gration de l&rsquo;intelligence artificielle<\/h2>\n\n\n<p class=\"wp-block-paragraph\">L&rsquo;<strong>intelligence artificielle<\/strong> se traduit dans l&rsquo;iPhone 15 par une exp\u00e9rience plus fluide et plus intuitive. La cam\u00e9ra s&rsquo;appuie sur un syst\u00e8me d&rsquo;IA qui am\u00e9liore les <strong>photos de portrait<\/strong> en d\u00e9tectant et floutant automatiquement l&rsquo;arri\u00e8re-plan, ou en ajustant l&rsquo;\u00e9clairage pour un rendu plus professionnel. L&rsquo;IA sert aussi \u00e0 <strong>optimiser les performances<\/strong> des jeux et applications en r\u00e9partissant les ressources, pour une utilisation sans ralentissements m\u00eame en usage intensif.<\/p>\n\n\n<div class=\"rt-actu-wrap\">\n<div class=\"rt-actu-pull\">Entre USB-C, Dynamic Island et capteur 48 Mpx, l&rsquo;iPhone 15 ne se contente pas d&rsquo;un lifting : il acte plusieurs ruptures attendues de longue date.<\/div>\n<\/div>\n\n\n<p class=\"wp-block-paragraph\">Les innovations apport\u00e9es par l&rsquo;iPhone 15 en mati\u00e8re de photographie, d&rsquo;autonomie et d&rsquo;intelligence artificielle repr\u00e9sentent un bond en avant par rapport aux mod\u00e8les pr\u00e9c\u00e9dents. Ces am\u00e9liorations sont con\u00e7ues pour offrir une exp\u00e9rience utilisateur enrichie et font de l&rsquo;iPhone 15 un mod\u00e8le particuli\u00e8rement attrayant pour les amateurs de technologie.<\/p>\n\n\n<figure class='wp-block-image size-full'>\n<img width=\"1344\" height=\"768\" src=\"https:\/\/randietech.com\/blog\/wp-content\/uploads\/2024\/12\/Apple-devoile-son-iPhone-15-quelles-sont-les-vraies-nouveautes-.png\" class=\"attachment-full size-full\" alt=\"d\u00e9couvrez les v\u00e9ritables innovations de l&#039;iphone 15 d&#039;apple. cette annonce tant attendue r\u00e9v\u00e8le des fonctionnalit\u00e9s in\u00e9dites, un design revisit\u00e9 et des am\u00e9liorations techniques. plongez dans les d\u00e9tails qui font de cet appareil un incontournable de l&#039;ann\u00e9e !\" decoding=\"async\" loading=\"lazy\" \/>\n<\/figure>\n\n\n<p class=\"wp-block-paragraph\">L<i>&lsquo;iPhone 15<\/i> repr\u00e9sente une avanc\u00e9e significative dans la lign\u00e9e des smartphones d&rsquo;Apple. En examinant ses caract\u00e9ristiques par rapport aux versions ant\u00e9rieures telles que l<i>&lsquo;iPhone 14<\/i> et l<i>&lsquo;iPhone 13<\/i>, plusieurs progr\u00e8s ainsi que quelques fonctionnalit\u00e9s perdues \u00e9mergent.<\/p>\n\n\n<h2 class=\"wp-block-heading\">Progr\u00e8s r\u00e9alis\u00e9s<\/h2>\n\n\n<ul class=\"wp-block-list\">\n\n<li><strong>Processeur<\/strong> : l<i>&lsquo;iPhone 15<\/i> est \u00e9quip\u00e9 du <strong>A16 Bionic<\/strong>, offrant des performances am\u00e9lior\u00e9es de 10 \u00e0 20 % par rapport \u00e0 son pr\u00e9d\u00e9cesseur, pour une gestion plus efficace des applications, des jeux et du multit\u00e2che.<\/li>\n\n\n<li><strong>\u00c9cran<\/strong> : l<i>&lsquo;iPhone 15<\/i> b\u00e9n\u00e9ficie d&rsquo;un \u00e9cran <strong>Super Retina XDR<\/strong> plus lumineux, avec des couleurs plus vives et un meilleur contraste pour le contenu multim\u00e9dia.<\/li>\n\n\n<li><strong>Photographie<\/strong> : le syst\u00e8me de <strong>cam\u00e9ras<\/strong> a \u00e9t\u00e9 nettement optimis\u00e9 avec un capteur principal de 48 Mpx, des photos plus d\u00e9taill\u00e9es et de meilleures capacit\u00e9s en basse lumi\u00e8re. Le mode Nuit et la <strong>photographie computationnelle<\/strong> sont renforc\u00e9s.<\/li>\n\n\n<li><strong>Connectivit\u00e9<\/strong> : avec l&rsquo;arriv\u00e9e de la <strong>connectivit\u00e9 USB-C<\/strong>, l<i>&lsquo;iPhone 15<\/i> permet une recharge plus rapide et une meilleure compatibilit\u00e9 avec divers accessoires, en remplacement du port Lightning.<\/li>\n\n\n<li><strong>Durabilit\u00e9<\/strong> : les mod\u00e8les Pro adoptent un <strong>bo\u00eetier en titane<\/strong>, offrant une meilleure r\u00e9sistance et une l\u00e9g\u00e8ret\u00e9 accrue par rapport \u00e0 l&rsquo;aluminium.<\/li>\n\n<\/ul>\n\n\n<h2 class=\"wp-block-heading\">Fonctionnalit\u00e9s perdues<\/h2>\n\n\n<ul class=\"wp-block-list\">\n\n<li><strong>Port Lightning<\/strong> : l&rsquo;iPhone 15 abandonne le traditionnel port Lightning, ce qui peut d\u00e9cevoir les utilisateurs attach\u00e9s \u00e0 leurs accessoires existants.<\/li>\n\n\n<li><strong>Touch ID<\/strong> : si le <strong>Face ID<\/strong> reste une avanc\u00e9e en mati\u00e8re de s\u00e9curit\u00e9, l&rsquo;absence de <strong>Touch ID<\/strong> se fait sentir chez les utilisateurs qui pr\u00e9f\u00e8rent l&rsquo;authentification par empreinte.<\/li>\n\n\n<li><strong>Adaptateurs<\/strong> : avec l&rsquo;adoption de l&rsquo;<strong>USB-C<\/strong>, il faudra parfois de nouveaux adaptateurs pour r\u00e9utiliser les accessoires con\u00e7us pour le port Lightning.<\/li>\n\n<\/ul>\n\n\n<p class=\"wp-block-paragraph\">En r\u00e9sum\u00e9, l<i>&lsquo;iPhone 15<\/i> apporte des innovations notables en mati\u00e8re de puissance, de photographie et de connectivit\u00e9, tout en se s\u00e9parant de certaines fonctionnalit\u00e9s appr\u00e9ci\u00e9es par le pass\u00e9.<\/p>\n\n\n<p class=\"wp-block-paragraph\">L&rsquo;<strong>iPhone 15<\/strong> marque ainsi une \u00e9tape dans l&rsquo;\u00e9volution des smartphones. Avec son <strong>design raffin\u00e9<\/strong>, il propose une ergonomie plus agr\u00e9able gr\u00e2ce \u00e0 des bords l\u00e9g\u00e8rement arrondis et \u00e0 des mat\u00e9riaux pens\u00e9s pour une meilleure r\u00e9sistance.<\/p>\n\n\n<p class=\"wp-block-paragraph\">La <strong>cam\u00e9ra<\/strong> re\u00e7oit une mise \u00e0 jour majeure, avec une optique am\u00e9lior\u00e9e et de nouvelles fonctionnalit\u00e9s <strong>intelligentes<\/strong> qui permettent de capturer des photos de grande qualit\u00e9, m\u00eame en faible luminosit\u00e9. La technologie <strong>macro<\/strong> autorise par ailleurs des clich\u00e9s d\u00e9taill\u00e9s en tr\u00e8s gros plan.<\/p>\n\n\n<p class=\"wp-block-paragraph\">C\u00f4t\u00e9 performance, Apple a \u00e9galement int\u00e9gr\u00e9 des fonctionnalit\u00e9s <strong>\u00e9cologiques<\/strong> avec un processus de fabrication r\u00e9duit en carbone, des mat\u00e9riaux recycl\u00e9s et un emballage plus respectueux de l&rsquo;environnement.<\/p>\n\n\n<p class=\"wp-block-paragraph\">Enfin, la connectivit\u00e9 <strong>5G<\/strong> renforc\u00e9e et le support des fonctionnalit\u00e9s <strong>Bluetooth<\/strong> avanc\u00e9es positionnent l&rsquo;iPhone 15 comme un acteur cl\u00e9 dans l&rsquo;univers des appareils connect\u00e9s.<\/p>\n\n\n<figure class=\"wp-block-embed is-type-video is-provider-youtube wp-block-embed-youtube wp-embed-aspect-16-9 wp-has-aspect-ratio\">\n<div class=\"wp-block-embed__wrapper\">\n<iframe loading=\"lazy\" title=\"iPhone 15  - Quelles sont les nouveaut\u00e9s ?\" width=\"1200\" height=\"675\" src=\"https:\/\/www.youtube.com\/embed\/exs248Q4Gso?feature=oembed\" frameborder=\"0\" allow=\"accelerometer; autoplay; clipboard-write; encrypted-media; gyroscope; picture-in-picture; web-share\" referrerpolicy=\"strict-origin-when-cross-origin\" allowfullscreen><\/iframe>\n<\/div>\n<\/figure>\n\n\n<div class=\"rt-actu-wrap\">\n<div class=\"rt-actu-retain\">\n<div class=\"rt-actu-h\">\ud83c\udfaf \u00c0 retenir<\/div>\n<ul>\n<li><strong>USB-C partout<\/strong> : l&rsquo;iPhone 15 abandonne le Lightning, une premi\u00e8re historique sur la gamme.<\/li>\n<li><strong>Dynamic Island g\u00e9n\u00e9ralis\u00e9e<\/strong> : l&rsquo;encoche dispara\u00eet, y compris sur les mod\u00e8les standards.<\/li>\n<li><strong>Photo 48 Mpx<\/strong> : capteur principal nettement plus d\u00e9fini, \u00e9paul\u00e9 par le Photonic Engine.<\/li>\n<li><strong>A17 Pro c\u00f4t\u00e9 Pro<\/strong> : nouvelle puce pour les iPhone 15 Pro et Pro Max, l\u00e0 o\u00f9 le standard reste sur l&rsquo;A16 Bionic.<\/li>\n<li><strong>Titane et recycl\u00e9<\/strong> : ch\u00e2ssis titane sur les Pro, 75 % d&rsquo;aluminium recycl\u00e9 sur les mod\u00e8les standards.<\/li>\n<\/ul>\n<\/div>\n<\/div>\n\n\n<div class=\"rt-actu-wrap\">\n<details>\n<summary>L&rsquo;iPhone 15 passe-t-il vraiment \u00e0 l&rsquo;USB-C ?<\/summary>\n<div class=\"rt-actu-a\">Oui. C&rsquo;est la premi\u00e8re g\u00e9n\u00e9ration d&rsquo;iPhone \u00e0 adopter le port USB-C en lieu et place du Lightning, ce qui simplifie la compatibilit\u00e9 avec d&rsquo;autres appareils et accessoires.<\/div>\n<\/details>\n<details>\n<summary>La Dynamic Island est-elle pr\u00e9sente sur l&rsquo;iPhone 15 standard ?<\/summary>\n<div class=\"rt-actu-a\">Oui. La Dynamic Island, qui remplace l&rsquo;encoche classique, est int\u00e9gr\u00e9e aux mod\u00e8les standards de l&rsquo;iPhone 15, et plus seulement aux versions Pro.<\/div>\n<\/details>\n<details>\n<summary>Quelle puce \u00e9quipe l&rsquo;iPhone 15 ?<\/summary>\n<div class=\"rt-actu-a\">Les iPhone 15 Pro et Pro Max embarquent la nouvelle puce A17 Pro. C\u00f4t\u00e9 autonomie et gestion \u00e9nerg\u00e9tique, le mod\u00e8le standard s&rsquo;appuie sur la puce A16 Bionic.<\/div>\n<\/details>\n<details>\n<summary>Quelles fonctionnalit\u00e9s disparaissent avec l&rsquo;iPhone 15 ?<\/summary>\n<div class=\"rt-actu-a\">Le port Lightning laisse place \u00e0 l&rsquo;USB-C \u2014 il faudra parfois de nouveaux adaptateurs. Touch ID reste absent au profit de Face ID.<\/div>\n<\/details>\n<\/div>\n\n\n<div style=\"display: block;\">\n<div id=\"fb-root\"><\/div>\n<script async defer crossorigin=\"anonymous\" src=\"https:\/\/connect.facebook.net\/fr_FR\/sdk.js#xfbml=1&#038;version=v17.0\"><\/script>\n<div class=\"fb-post\" data-href=\"https:\/\/www.facebook.com\/LesNumeriques\/posts\/982134893956790\" data-width=\"500\" data-show-text=\"true\"><\/div>\n<\/div>\n\n","protected":false},"excerpt":{"rendered":"","protected":false},"author":34,"featured_media":7219,"comment_status":"open","ping_status":"open","sticky":false,"template":"","format":"standard","meta":{"_acf_changed":false,"manual_indexmenow":false,"indexmenow_id_project":0,"footnotes":""},"categories":[4520],"tags":[],"class_list":["post-7218","post","type-post","status-publish","format-standard","has-post-thumbnail","hentry","category-actualites-high-tech","generate-columns","tablet-grid-50","mobile-grid-100","grid-parent","grid-25"],"acf":[],"yoast_head":"<!-- This site is optimized with the Yoast SEO Premium plugin v21.3 (Yoast SEO v26.5) - https:\/\/yoast.com\/wordpress\/plugins\/seo\/ -->\n<title>Apple d\u00e9voile son iPhone 15 : quelles sont les vraies<\/title>\n<meta name=\"description\" content=\"Lors de sa keynote du 12 septembre 2023, Apple a lev\u00e9 le voile sur l&#039;iPhone 15. Entre le passage \u00e0 l&#039;USB-C, l&#039;arriv\u00e9e de la Dynamic Island sur les mod\u00e8les\" \/>\n<meta name=\"robots\" content=\"index, follow, max-snippet:-1, max-image-preview:large, max-video-preview:-1\" \/>\n<link rel=\"canonical\" href=\"https:\/\/randietech.com\/blog\/actualites-high-tech\/apple-devoile-son-iphone-15-quelles-sont-les-vraies-nouveautes\/\" \/>\n<meta property=\"og:locale\" content=\"fr_FR\" \/>\n<meta property=\"og:type\" content=\"article\" \/>\n<meta property=\"og:title\" content=\"Apple d\u00e9voile son iPhone 15 : quelles sont les vraies\" \/>\n<meta property=\"og:description\" content=\"Lors de sa keynote du 12 septembre 2023, Apple a lev\u00e9 le voile sur l&#039;iPhone 15. Entre le passage \u00e0 l&#039;USB-C, l&#039;arriv\u00e9e de la Dynamic Island sur les mod\u00e8les\" \/>\n<meta property=\"og:url\" content=\"https:\/\/randietech.com\/blog\/actualites-high-tech\/apple-devoile-son-iphone-15-quelles-sont-les-vraies-nouveautes\/\" \/>\n<meta property=\"og:site_name\" content=\"randietech\" \/>\n<meta property=\"og:image\" content=\"https:\/\/randietech.com\/blog\/wp-content\/uploads\/2024\/12\/Apple-devoile-son-iPhone-15-quelles-sont-les-vraies-nouveautes-1-1.png\" \/>\n\t<meta property=\"og:image:width\" content=\"1344\" \/>\n\t<meta property=\"og:image:height\" content=\"768\" \/>\n\t<meta property=\"og:image:type\" content=\"image\/png\" \/>\n<meta name=\"author\" content=\"Clara Nizard\" \/>\n<meta name=\"twitter:card\" content=\"summary_large_image\" \/>\n<script type=\"application\/ld+json\" class=\"yoast-schema-graph\">{\"@context\":\"https:\/\/schema.org\",\"@graph\":[{\"@type\":\"NewsArticle\",\"@id\":\"https:\/\/randietech.com\/blog\/actualites-high-tech\/apple-devoile-son-iphone-15-quelles-sont-les-vraies-nouveautes\/#article\",\"isPartOf\":{\"@id\":\"https:\/\/randietech.com\/blog\/actualites-high-tech\/apple-devoile-son-iphone-15-quelles-sont-les-vraies-nouveautes\/\"},\"author\":{\"name\":\"Clara Nizard\",\"@id\":\"https:\/\/randietech.com\/blog\/#\/schema\/person\/3c864cdc320801e3db34b663e7e3f816\"},\"headline\":\"Apple d\u00e9voile son iPhone 15 : quelles sont les vraies nouveaut\u00e9s ?\",\"datePublished\":\"2026-06-15T21:21:14+00:00\",\"mainEntityOfPage\":{\"@id\":\"https:\/\/randietech.com\/blog\/actualites-high-tech\/apple-devoile-son-iphone-15-quelles-sont-les-vraies-nouveautes\/\"},\"wordCount\":1676,\"commentCount\":0,\"publisher\":{\"@id\":\"https:\/\/randietech.com\/blog\/#organization\"},\"image\":{\"@id\":\"https:\/\/randietech.com\/blog\/actualites-high-tech\/apple-devoile-son-iphone-15-quelles-sont-les-vraies-nouveautes\/#primaryimage\"},\"thumbnailUrl\":\"https:\/\/randietech.com\/blog\/wp-content\/uploads\/2024\/12\/Apple-devoile-son-iPhone-15-quelles-sont-les-vraies-nouveautes-1-1.png\",\"articleSection\":[\"Actualit\u00e9s High-Tech\"],\"inLanguage\":\"fr-FR\",\"potentialAction\":[{\"@type\":\"CommentAction\",\"name\":\"Comment\",\"target\":[\"https:\/\/randietech.com\/blog\/actualites-high-tech\/apple-devoile-son-iphone-15-quelles-sont-les-vraies-nouveautes\/#respond\"]}]},{\"@type\":\"WebPage\",\"@id\":\"https:\/\/randietech.com\/blog\/actualites-high-tech\/apple-devoile-son-iphone-15-quelles-sont-les-vraies-nouveautes\/\",\"url\":\"https:\/\/randietech.com\/blog\/actualites-high-tech\/apple-devoile-son-iphone-15-quelles-sont-les-vraies-nouveautes\/\",\"name\":\"Apple d\u00e9voile son iPhone 15 : quelles sont les vraies\",\"isPartOf\":{\"@id\":\"https:\/\/randietech.com\/blog\/#website\"},\"primaryImageOfPage\":{\"@id\":\"https:\/\/randietech.com\/blog\/actualites-high-tech\/apple-devoile-son-iphone-15-quelles-sont-les-vraies-nouveautes\/#primaryimage\"},\"image\":{\"@id\":\"https:\/\/randietech.com\/blog\/actualites-high-tech\/apple-devoile-son-iphone-15-quelles-sont-les-vraies-nouveautes\/#primaryimage\"},\"thumbnailUrl\":\"https:\/\/randietech.com\/blog\/wp-content\/uploads\/2024\/12\/Apple-devoile-son-iPhone-15-quelles-sont-les-vraies-nouveautes-1-1.png\",\"datePublished\":\"2026-06-15T21:21:14+00:00\",\"description\":\"Lors de sa keynote du 12 septembre 2023, Apple a lev\u00e9 le voile sur l'iPhone 15. Entre le passage \u00e0 l'USB-C, l'arriv\u00e9e de la Dynamic Island sur les mod\u00e8les\",\"inLanguage\":\"fr-FR\",\"potentialAction\":[{\"@type\":\"ReadAction\",\"target\":[\"https:\/\/randietech.com\/blog\/actualites-high-tech\/apple-devoile-son-iphone-15-quelles-sont-les-vraies-nouveautes\/\"]}]},{\"@type\":\"ImageObject\",\"inLanguage\":\"fr-FR\",\"@id\":\"https:\/\/randietech.com\/blog\/actualites-high-tech\/apple-devoile-son-iphone-15-quelles-sont-les-vraies-nouveautes\/#primaryimage\",\"url\":\"https:\/\/randietech.com\/blog\/wp-content\/uploads\/2024\/12\/Apple-devoile-son-iPhone-15-quelles-sont-les-vraies-nouveautes-1-1.png\",\"contentUrl\":\"https:\/\/randietech.com\/blog\/wp-content\/uploads\/2024\/12\/Apple-devoile-son-iPhone-15-quelles-sont-les-vraies-nouveautes-1-1.png\",\"width\":1344,\"height\":768,\"caption\":\"d\u00e9couvrez toutes les innovations et am\u00e9liorations de l'iphone 15 r\u00e9v\u00e9l\u00e9es par apple. quelles sont les v\u00e9ritables nouveaut\u00e9s qui font la diff\u00e9rence ? ne manquez pas notre analyse d\u00e9taill\u00e9e des caract\u00e9ristiques et des fonctionnalit\u00e9s qui red\u00e9finissent l'exp\u00e9rience utilisateur.\"},{\"@type\":\"WebSite\",\"@id\":\"https:\/\/randietech.com\/blog\/#website\",\"url\":\"https:\/\/randietech.com\/blog\/\",\"name\":\"randietech.com\",\"description\":\"Plongez dans la tech de demain.\",\"publisher\":{\"@id\":\"https:\/\/randietech.com\/blog\/#organization\"},\"alternateName\":\"Plongez dans la tech de demain.\",\"potentialAction\":[{\"@type\":\"SearchAction\",\"target\":{\"@type\":\"EntryPoint\",\"urlTemplate\":\"https:\/\/randietech.com\/blog\/?s={search_term_string}\"},\"query-input\":{\"@type\":\"PropertyValueSpecification\",\"valueRequired\":true,\"valueName\":\"search_term_string\"}}],\"inLanguage\":\"fr-FR\"},{\"@type\":\"Organization\",\"@id\":\"https:\/\/randietech.com\/blog\/#organization\",\"name\":\"Foretsensations.fr\",\"url\":\"https:\/\/randietech.com\/blog\/\",\"logo\":{\"@type\":\"ImageObject\",\"inLanguage\":\"fr-FR\",\"@id\":\"https:\/\/randietech.com\/blog\/#\/schema\/logo\/image\/\",\"url\":\"https:\/\/randietech.com\/blog\/wp-content\/uploads\/2024\/12\/2.png\",\"contentUrl\":\"https:\/\/randietech.com\/blog\/wp-content\/uploads\/2024\/12\/2.png\",\"width\":500,\"height\":500,\"caption\":\"Foretsensations.fr\"},\"image\":{\"@id\":\"https:\/\/randietech.com\/blog\/#\/schema\/logo\/image\/\"}},{\"@type\":\"Person\",\"@id\":\"https:\/\/randietech.com\/blog\/#\/schema\/person\/3c864cdc320801e3db34b663e7e3f816\",\"name\":\"Clara Nizard\",\"image\":{\"@type\":\"ImageObject\",\"inLanguage\":\"fr-FR\",\"@id\":\"https:\/\/randietech.com\/blog\/#\/schema\/person\/image\/\",\"url\":\"https:\/\/randietech.com\/blog\/wp-content\/uploads\/2026\/06\/persona_clara-n-96x96.jpg\",\"contentUrl\":\"https:\/\/randietech.com\/blog\/wp-content\/uploads\/2026\/06\/persona_clara-n-96x96.jpg\",\"caption\":\"Clara Nizard\"},\"description\":\"Je suis sp\u00e9cialis\u00e9e dans le mobile et l'\u00e9cosyst\u00e8me num\u00e9rique : smartphones, r\u00e9paration, applications et tendances du web. Mon parcours m\u00eale veille technologique et r\u00e9daction depuis plusieurs ann\u00e9es, avec un faible pour les sujets pratiques \u2014 prolonger la vie de son t\u00e9l\u00e9phone, bien le r\u00e9parer, choisir le bon appareil sans se ruiner. J'aborde aussi la transformation digitale du point de vue de l'utilisateur et des petites structures qui cherchent \u00e0 exister en ligne. Je travaille \u00e0 partir de tests, de fiches techniques v\u00e9rifi\u00e9es et de retours d'usage r\u00e9els, et je distingue toujours la nouveaut\u00e9 marketing de l'avanc\u00e9e utile. Mon angle : d\u00e9mystifier la high-tech pour que chacun reste ma\u00eetre de ses outils plut\u00f4t que d\u00e9pass\u00e9 par eux. J'\u00e9cris clair, court quand il le faut, d\u00e9taill\u00e9 quand le sujet l'exige.\",\"sameAs\":[\"https:\/\/claranizard.fr\/\"],\"url\":\"https:\/\/randietech.com\/blog\/auteur\/noname\/\"}]}<\/script>\n<!-- \/ Yoast SEO Premium plugin. -->","yoast_head_json":{"title":"Apple d\u00e9voile son iPhone 15 : quelles sont les vraies","description":"Lors de sa keynote du 12 septembre 2023, Apple a lev\u00e9 le voile sur l'iPhone 15. Entre le passage \u00e0 l'USB-C, l'arriv\u00e9e de la Dynamic Island sur les mod\u00e8les","robots":{"index":"index","follow":"follow","max-snippet":"max-snippet:-1","max-image-preview":"max-image-preview:large","max-video-preview":"max-video-preview:-1"},"canonical":"https:\/\/randietech.com\/blog\/actualites-high-tech\/apple-devoile-son-iphone-15-quelles-sont-les-vraies-nouveautes\/","og_locale":"fr_FR","og_type":"article","og_title":"Apple d\u00e9voile son iPhone 15 : quelles sont les vraies","og_description":"Lors de sa keynote du 12 septembre 2023, Apple a lev\u00e9 le voile sur l'iPhone 15. Entre le passage \u00e0 l'USB-C, l'arriv\u00e9e de la Dynamic Island sur les mod\u00e8les","og_url":"https:\/\/randietech.com\/blog\/actualites-high-tech\/apple-devoile-son-iphone-15-quelles-sont-les-vraies-nouveautes\/","og_site_name":"randietech","og_image":[{"width":1344,"height":768,"url":"https:\/\/randietech.com\/blog\/wp-content\/uploads\/2024\/12\/Apple-devoile-son-iPhone-15-quelles-sont-les-vraies-nouveautes-1-1.png","type":"image\/png"}],"author":"Clara Nizard","twitter_card":"summary_large_image","schema":{"@context":"https:\/\/schema.org","@graph":[{"@type":"NewsArticle","@id":"https:\/\/randietech.com\/blog\/actualites-high-tech\/apple-devoile-son-iphone-15-quelles-sont-les-vraies-nouveautes\/#article","isPartOf":{"@id":"https:\/\/randietech.com\/blog\/actualites-high-tech\/apple-devoile-son-iphone-15-quelles-sont-les-vraies-nouveautes\/"},"author":{"name":"Clara Nizard","@id":"https:\/\/randietech.com\/blog\/#\/schema\/person\/3c864cdc320801e3db34b663e7e3f816"},"headline":"Apple d\u00e9voile son iPhone 15 : quelles sont les vraies nouveaut\u00e9s ?","datePublished":"2026-06-15T21:21:14+00:00","mainEntityOfPage":{"@id":"https:\/\/randietech.com\/blog\/actualites-high-tech\/apple-devoile-son-iphone-15-quelles-sont-les-vraies-nouveautes\/"},"wordCount":1676,"commentCount":0,"publisher":{"@id":"https:\/\/randietech.com\/blog\/#organization"},"image":{"@id":"https:\/\/randietech.com\/blog\/actualites-high-tech\/apple-devoile-son-iphone-15-quelles-sont-les-vraies-nouveautes\/#primaryimage"},"thumbnailUrl":"https:\/\/randietech.com\/blog\/wp-content\/uploads\/2024\/12\/Apple-devoile-son-iPhone-15-quelles-sont-les-vraies-nouveautes-1-1.png","articleSection":["Actualit\u00e9s High-Tech"],"inLanguage":"fr-FR","potentialAction":[{"@type":"CommentAction","name":"Comment","target":["https:\/\/randietech.com\/blog\/actualites-high-tech\/apple-devoile-son-iphone-15-quelles-sont-les-vraies-nouveautes\/#respond"]}]},{"@type":"WebPage","@id":"https:\/\/randietech.com\/blog\/actualites-high-tech\/apple-devoile-son-iphone-15-quelles-sont-les-vraies-nouveautes\/","url":"https:\/\/randietech.com\/blog\/actualites-high-tech\/apple-devoile-son-iphone-15-quelles-sont-les-vraies-nouveautes\/","name":"Apple d\u00e9voile son iPhone 15 : quelles sont les vraies","isPartOf":{"@id":"https:\/\/randietech.com\/blog\/#website"},"primaryImageOfPage":{"@id":"https:\/\/randietech.com\/blog\/actualites-high-tech\/apple-devoile-son-iphone-15-quelles-sont-les-vraies-nouveautes\/#primaryimage"},"image":{"@id":"https:\/\/randietech.com\/blog\/actualites-high-tech\/apple-devoile-son-iphone-15-quelles-sont-les-vraies-nouveautes\/#primaryimage"},"thumbnailUrl":"https:\/\/randietech.com\/blog\/wp-content\/uploads\/2024\/12\/Apple-devoile-son-iPhone-15-quelles-sont-les-vraies-nouveautes-1-1.png","datePublished":"2026-06-15T21:21:14+00:00","description":"Lors de sa keynote du 12 septembre 2023, Apple a lev\u00e9 le voile sur l'iPhone 15. Entre le passage \u00e0 l'USB-C, l'arriv\u00e9e de la Dynamic Island sur les mod\u00e8les","inLanguage":"fr-FR","potentialAction":[{"@type":"ReadAction","target":["https:\/\/randietech.com\/blog\/actualites-high-tech\/apple-devoile-son-iphone-15-quelles-sont-les-vraies-nouveautes\/"]}]},{"@type":"ImageObject","inLanguage":"fr-FR","@id":"https:\/\/randietech.com\/blog\/actualites-high-tech\/apple-devoile-son-iphone-15-quelles-sont-les-vraies-nouveautes\/#primaryimage","url":"https:\/\/randietech.com\/blog\/wp-content\/uploads\/2024\/12\/Apple-devoile-son-iPhone-15-quelles-sont-les-vraies-nouveautes-1-1.png","contentUrl":"https:\/\/randietech.com\/blog\/wp-content\/uploads\/2024\/12\/Apple-devoile-son-iPhone-15-quelles-sont-les-vraies-nouveautes-1-1.png","width":1344,"height":768,"caption":"d\u00e9couvrez toutes les innovations et am\u00e9liorations de l'iphone 15 r\u00e9v\u00e9l\u00e9es par apple. quelles sont les v\u00e9ritables nouveaut\u00e9s qui font la diff\u00e9rence ? ne manquez pas notre analyse d\u00e9taill\u00e9e des caract\u00e9ristiques et des fonctionnalit\u00e9s qui red\u00e9finissent l'exp\u00e9rience utilisateur."},{"@type":"WebSite","@id":"https:\/\/randietech.com\/blog\/#website","url":"https:\/\/randietech.com\/blog\/","name":"randietech.com","description":"Plongez dans la tech de demain.","publisher":{"@id":"https:\/\/randietech.com\/blog\/#organization"},"alternateName":"Plongez dans la tech de demain.","potentialAction":[{"@type":"SearchAction","target":{"@type":"EntryPoint","urlTemplate":"https:\/\/randietech.com\/blog\/?s={search_term_string}"},"query-input":{"@type":"PropertyValueSpecification","valueRequired":true,"valueName":"search_term_string"}}],"inLanguage":"fr-FR"},{"@type":"Organization","@id":"https:\/\/randietech.com\/blog\/#organization","name":"Foretsensations.fr","url":"https:\/\/randietech.com\/blog\/","logo":{"@type":"ImageObject","inLanguage":"fr-FR","@id":"https:\/\/randietech.com\/blog\/#\/schema\/logo\/image\/","url":"https:\/\/randietech.com\/blog\/wp-content\/uploads\/2024\/12\/2.png","contentUrl":"https:\/\/randietech.com\/blog\/wp-content\/uploads\/2024\/12\/2.png","width":500,"height":500,"caption":"Foretsensations.fr"},"image":{"@id":"https:\/\/randietech.com\/blog\/#\/schema\/logo\/image\/"}},{"@type":"Person","@id":"https:\/\/randietech.com\/blog\/#\/schema\/person\/3c864cdc320801e3db34b663e7e3f816","name":"Clara Nizard","image":{"@type":"ImageObject","inLanguage":"fr-FR","@id":"https:\/\/randietech.com\/blog\/#\/schema\/person\/image\/","url":"https:\/\/randietech.com\/blog\/wp-content\/uploads\/2026\/06\/persona_clara-n-96x96.jpg","contentUrl":"https:\/\/randietech.com\/blog\/wp-content\/uploads\/2026\/06\/persona_clara-n-96x96.jpg","caption":"Clara Nizard"},"description":"Je suis sp\u00e9cialis\u00e9e dans le mobile et l'\u00e9cosyst\u00e8me num\u00e9rique : smartphones, r\u00e9paration, applications et tendances du web. Mon parcours m\u00eale veille technologique et r\u00e9daction depuis plusieurs ann\u00e9es, avec un faible pour les sujets pratiques \u2014 prolonger la vie de son t\u00e9l\u00e9phone, bien le r\u00e9parer, choisir le bon appareil sans se ruiner. J'aborde aussi la transformation digitale du point de vue de l'utilisateur et des petites structures qui cherchent \u00e0 exister en ligne. Je travaille \u00e0 partir de tests, de fiches techniques v\u00e9rifi\u00e9es et de retours d'usage r\u00e9els, et je distingue toujours la nouveaut\u00e9 marketing de l'avanc\u00e9e utile. Mon angle : d\u00e9mystifier la high-tech pour que chacun reste ma\u00eetre de ses outils plut\u00f4t que d\u00e9pass\u00e9 par eux. J'\u00e9cris clair, court quand il le faut, d\u00e9taill\u00e9 quand le sujet l'exige.","sameAs":["https:\/\/claranizard.fr\/"],"url":"https:\/\/randietech.com\/blog\/auteur\/noname\/"}]}},"_links":{"self":[{"href":"https:\/\/randietech.com\/blog\/wp-json\/wp\/v2\/posts\/7218","targetHints":{"allow":["GET"]}}],"collection":[{"href":"https:\/\/randietech.com\/blog\/wp-json\/wp\/v2\/posts"}],"about":[{"href":"https:\/\/randietech.com\/blog\/wp-json\/wp\/v2\/types\/post"}],"author":[{"embeddable":true,"href":"https:\/\/randietech.com\/blog\/wp-json\/wp\/v2\/users\/34"}],"replies":[{"embeddable":true,"href":"https:\/\/randietech.com\/blog\/wp-json\/wp\/v2\/comments?post=7218"}],"version-history":[{"count":1,"href":"https:\/\/randietech.com\/blog\/wp-json\/wp\/v2\/posts\/7218\/revisions"}],"predecessor-version":[{"id":8737,"href":"https:\/\/randietech.com\/blog\/wp-json\/wp\/v2\/posts\/7218\/revisions\/8737"}],"wp:featuredmedia":[{"embeddable":true,"href":"https:\/\/randietech.com\/blog\/wp-json\/wp\/v2\/media\/7219"}],"wp:attachment":[{"href":"https:\/\/randietech.com\/blog\/wp-json\/wp\/v2\/media?parent=7218"}],"wp:term":[{"taxonomy":"category","embeddable":true,"href":"https:\/\/randietech.com\/blog\/wp-json\/wp\/v2\/categories?post=7218"},{"taxonomy":"post_tag","embeddable":true,"href":"https:\/\/randietech.com\/blog\/wp-json\/wp\/v2\/tags?post=7218"}],"curies":[{"name":"wp","href":"https:\/\/api.w.org\/{rel}","templated":true}]}}