{"id":7236,"date":"2026-06-16T13:55:29","date_gmt":"2026-06-16T11:55:29","guid":{"rendered":"https:\/\/randietech.com\/blog\/a-la-une\/test-du-dernier-macbook-air-m3-la-machine-ultime-pour-les-pros\/"},"modified":"2026-06-16T13:55:29","modified_gmt":"2026-06-16T11:55:29","slug":"test-du-dernier-macbook-air-m3-la-machine-ultime-pour-les-pros","status":"publish","type":"post","link":"https:\/\/randietech.com\/blog\/tests-et-comparatifs-de-produits\/test-du-dernier-macbook-air-m3-la-machine-ultime-pour-les-pros\/","title":{"rendered":"Test du dernier MacBook Air M3 : la machine ultime pour les pros ?"},"content":{"rendered":"\n<link rel=\"stylesheet\" href=\"https:\/\/fonts.googleapis.com\/css2?family=Inter+Tight:wght@500;600;700;800&#038;family=Inter:wght@400;500;600&#038;family=IBM+Plex+Mono:wght@500;600&#038;display=swap\">\n<style>\n.rt-avis-wrap{font-family:'Inter',system-ui,sans-serif;color:#22303f;line-height:1.65;font-size:17px;}\n.rt-avis-wrap h2{font-family:'Inter Tight','Inter',sans-serif;font-weight:800;letter-spacing:-0.02em;color:#14233a;font-size:clamp(24px,3.2vw,33px);line-height:1.2;margin:48px 0 16px;}\n.rt-avis-wrap h3{font-family:'Inter Tight','Inter',sans-serif;font-weight:700;letter-spacing:-0.01em;color:#14233a;font-size:19px;margin:22px 0 8px;}\n.rt-avis-wrap p{margin:0 0 18px;}\n.rt-avis-kick{font-family:'IBM Plex Mono',monospace;font-size:12px;font-weight:600;text-transform:uppercase;letter-spacing:2.5px;color:#2563a8;display:block;margin-bottom:6px;}\n.rt-avis-lead{font-family:'Inter Tight','Inter',sans-serif;font-size:21px;line-height:1.5;font-weight:500;color:#2c3e50;border-left:4px solid #2563a8;padding:6px 0 6px 22px;margin:8px 0 34px;}\n.rt-avis-verdict{background:#0e1c2e;border-radius:14px;padding:30px 30px 26px;margin:30px 0 40px;color:#e8eef5;box-shadow:0 18px 40px -22px rgba(14,28,46,.7);}\n.rt-avis-verdict .rt-avis-kick{color:#7fb0e6;}\n.rt-avis-verdict h2{color:#fff;margin:4px 0 18px;border:0;}\n.rt-avis-vgrid{display:grid;grid-template-columns:repeat(auto-fit,minmax(210px,1fr));gap:14px;margin-top:6px;}\n.rt-avis-vcol{background:rgba(255,255,255,.05);border:1px solid rgba(255,255,255,.12);border-radius:10px;padding:16px 18px;}\n.rt-avis-vcol .rt-avis-vh{font-family:'IBM Plex Mono',monospace;font-size:11px;font-weight:600;text-transform:uppercase;letter-spacing:1.5px;margin-bottom:10px;}\n.rt-avis-vcol.pos .rt-avis-vh{color:#5fd0a0;}\n.rt-avis-vcol.neg .rt-avis-vh{color:#f0907f;}\n.rt-avis-vcol.who .rt-avis-vh{color:#7fb0e6;}\n.rt-avis-vcol ul{margin:0;padding-left:18px;font-size:14.5px;line-height:1.6;color:#d6dee8;}\n.rt-avis-vcol ul li{margin-bottom:5px;}\n.rt-avis-vcol .rt-avis-whobody{font-size:14.5px;line-height:1.6;color:#d6dee8;}\n.rt-avis-doublegrid{display:grid;grid-template-columns:repeat(auto-fit,minmax(270px,1fr));gap:16px;margin:26px 0;}\n.rt-avis-list{background:#f6f9fc;border:1px solid #dde7f0;border-radius:10px;padding:20px 22px;transition:.25s ease;}\n.rt-avis-list:hover{transform:translateY(-3px);box-shadow:0 16px 30px -20px rgba(20,35,58,.4);}\n.rt-avis-list.pos{border-top:4px solid #1f9d6b;}\n.rt-avis-list.neg{border-top:4px solid #d05a48;}\n.rt-avis-list h3{margin:0 0 12px;font-size:14px;text-transform:uppercase;letter-spacing:1.5px;}\n.rt-avis-list.pos h3{color:#1f7a55;}\n.rt-avis-list.neg h3{color:#a73c2c;}\n.rt-avis-list ul{margin:0;padding:0;list-style:none;}\n.rt-avis-list ul li{display:flex;gap:10px;align-items:flex-start;padding:7px 0;font-size:15px;line-height:1.5;border-bottom:1px solid #e6eef5;}\n.rt-avis-list ul li:last-child{border-bottom:0;}\n.rt-avis-list .rt-avis-mk{flex:0 0 16px;font-weight:700;}\n.rt-avis-list.pos .rt-avis-mk{color:#1f9d6b;}\n.rt-avis-list.neg .rt-avis-mk{color:#d05a48;}\n.rt-avis-cards{display:grid;grid-template-columns:repeat(auto-fit,minmax(220px,1fr));gap:16px;margin:26px 0;}\n.rt-avis-card{background:#fff;border:1px solid #dde7f0;border-top:3px solid #2563a8;border-radius:10px;padding:20px 22px;transition:.25s ease;}\n.rt-avis-card:hover{transform:translateY(-3px);box-shadow:0 16px 30px -20px rgba(20,35,58,.4);}\n.rt-avis-card .rt-avis-cn{font-family:'IBM Plex Mono',monospace;font-size:13px;font-weight:600;color:#2563a8;letter-spacing:1px;}\n.rt-avis-card h3{margin:6px 0 8px;font-size:17px;}\n.rt-avis-card .rt-avis-ct{font-size:14.5px;line-height:1.55;color:#4a5a6b;}\n.rt-avis-table{margin:26px 0;overflow-x:auto;border:1px solid #dde7f0;border-radius:10px;}\n.rt-avis-table table{width:100%;border-collapse:collapse;font-size:15px;min-width:480px;}\n.rt-avis-table thead tr{background:#14233a;color:#fff;}\n.rt-avis-table th{text-align:left;padding:14px 18px;font-family:'IBM Plex Mono',monospace;font-size:11.5px;font-weight:600;text-transform:uppercase;letter-spacing:1.2px;}\n.rt-avis-table td{padding:13px 18px;color:#33465a;}\n.rt-avis-table tbody tr:nth-child(odd){background:#fff;}\n.rt-avis-table tbody tr:nth-child(even){background:#f4f8fb;}\n.rt-avis-table tbody tr{border-bottom:1px solid #e6eef5;}\n.rt-avis-table td:first-child{font-weight:600;color:#14233a;}\n.rt-avis-pull{margin:40px auto;padding:26px 28px;text-align:center;border-top:2px solid #2563a8;border-bottom:2px solid #2563a8;max-width:680px;position:relative;}\n.rt-avis-pull .rt-avis-q{font-family:'Inter Tight','Inter',sans-serif;font-size:25px;line-height:1.42;font-weight:600;font-style:italic;color:#14233a;letter-spacing:-0.01em;}\n.rt-avis-pull .rt-avis-qmark{position:absolute;top:-22px;left:50%;transform:translateX(-50%);background:#fff;padding:0 14px;font-size:50px;line-height:1;color:#2563a8;font-family:'Inter Tight',serif;}\n.rt-avis-retenir{background:#eef4fb;border:1px solid #d2e2f2;border-radius:12px;padding:24px 26px;margin:38px 0;}\n.rt-avis-retenir .rt-avis-kick{margin-bottom:14px;}\n.rt-avis-retenir ul{margin:0;padding:0;list-style:none;display:grid;gap:10px;}\n.rt-avis-retenir ul li{display:flex;gap:12px;align-items:flex-start;background:#fff;border:1px solid #dde7f0;border-radius:8px;padding:12px 16px;font-size:15px;line-height:1.5;}\n.rt-avis-retenir .rt-avis-num{flex:0 0 24px;width:24px;height:24px;background:#2563a8;color:#fff;border-radius:50%;display:inline-flex;align-items:center;justify-content:center;font-size:12px;font-weight:700;font-family:'IBM Plex Mono',monospace;}\n.rt-avis-faq{margin:38px 0;}\n.rt-avis-faq .rt-avis-fwrap{border-top:1px solid #d2e2f2;}\n.rt-avis-faq details{border-bottom:1px solid #d2e2f2;}\n.rt-avis-faq summary{cursor:pointer;padding:17px 0;font-family:'Inter Tight','Inter',sans-serif;font-size:17.5px;font-weight:700;color:#14233a;list-style:none;display:flex;justify-content:space-between;align-items:center;gap:14px;}\n.rt-avis-faq summary::-webkit-details-marker{display:none;}\n.rt-avis-faq summary .rt-avis-pm{font-size:24px;font-weight:400;color:#2563a8;line-height:1;transition:.2s;}\n.rt-avis-faq details[open] summary .rt-avis-pm{transform:rotate(45deg);}\n.rt-avis-faq .rt-avis-fa{padding:0 0 18px;font-size:15.5px;line-height:1.7;color:#42566a;}\n.rt-avis-wrap a{color:#2563a8;text-decoration:underline;text-underline-offset:2px;}\n@media(max-width:640px){.rt-avis-verdict{padding:24px 20px;}.rt-avis-lead{font-size:19px;}}\n\/*RENDERFIX2*\/.rt-avis-verdict{color:#eef3f9!important}.rt-avis-verdict p,.rt-avis-verdict li,.rt-avis-verdict strong,.rt-avis-verdict em,.rt-avis-verdict a,.rt-avis-verdict span,.rt-avis-verdict b,.rt-avis-verdict td,.rt-avis-verdict th,.rt-avis-verdict h2,.rt-avis-verdict h3,.rt-avis-verdict h4{color:#eef3f9!important}.rt-avis-verdict strong,.rt-avis-verdict b{color:#ffffff!important}.rt-avis-table thead tr{color:#eef3f9!important}.rt-avis-table thead tr p,.rt-avis-table thead tr li,.rt-avis-table thead tr strong,.rt-avis-table thead tr em,.rt-avis-table thead tr a,.rt-avis-table thead tr span,.rt-avis-table thead tr b,.rt-avis-table thead tr td,.rt-avis-table thead tr th,.rt-avis-table thead tr h2,.rt-avis-table thead tr h3,.rt-avis-table thead tr h4{color:#eef3f9!important}.rt-avis-table thead tr strong,.rt-avis-table thead tr b{color:#ffffff!important}.rt-avis-retenir .rt-avis-num{color:#eef3f9!important}.rt-avis-retenir .rt-avis-num p,.rt-avis-retenir .rt-avis-num li,.rt-avis-retenir .rt-avis-num strong,.rt-avis-retenir .rt-avis-num em,.rt-avis-retenir .rt-avis-num a,.rt-avis-retenir .rt-avis-num span,.rt-avis-retenir .rt-avis-num b,.rt-avis-retenir .rt-avis-num td,.rt-avis-retenir .rt-avis-num th,.rt-avis-retenir .rt-avis-num h2,.rt-avis-retenir .rt-avis-num h3,.rt-avis-retenir .rt-avis-num h4{color:#eef3f9!important}.rt-avis-retenir .rt-avis-num strong,.rt-avis-retenir .rt-avis-num b{color:#ffffff!important}<\/style>\n\n\n<div class=\"rt-avis-wrap\">\n<span class=\"rt-avis-kick\">Test \u00b7 Ultraportable<\/span>\n<div class=\"rt-avis-lead\">Le MacBook Air M3 promet la puissance d&rsquo;Apple Silicon dans un ch\u00e2ssis ultral\u00e9ger. Apr\u00e8s l&rsquo;avoir mis \u00e0 l&rsquo;\u00e9preuve sur des usages pro et cr\u00e9atifs exigeants, voici notre verdict complet : design, performances, autonomie et place face \u00e0 la concurrence.<\/div>\n<\/div>\n\n\n<p class=\"wp-block-paragraph\">Dans un monde professionnel en constante \u00e9volution o\u00f9 la <strong>mobilit\u00e9<\/strong> et la <strong>performance<\/strong> sont essentielles, le choix du mat\u00e9riel informatique devient crucial. Le <strong>MacBook Air M3<\/strong> s&rsquo;affiche comme une promesse de puissance compacte, alliant technologie de pointe et design \u00e9l\u00e9gant. Destin\u00e9e autant aux <strong>professionnels<\/strong> qu&rsquo;aux <strong>cr\u00e9atifs<\/strong>, cette machine est cens\u00e9e r\u00e9pondre aux besoins des utilisateurs exigeants. Ce test approfondi se penche sur les caract\u00e9ristiques, les performances et les \u00e9ventuelles limitations de l&rsquo;<strong>Apple MacBook Air M3<\/strong>, afin de d\u00e9terminer s&rsquo;il s&rsquo;agit r\u00e9ellement de la machine ultime pour travailler en toute s\u00e9r\u00e9nit\u00e9.<\/p>\n\n\n<div class=\"rt-avis-wrap\">\n<div class=\"rt-avis-verdict\">\n<span class=\"rt-avis-kick\">Notre verdict<\/span>\n<h2>L&rsquo;ultraportable le plus \u00e9quilibr\u00e9 pour les pros mobiles<\/h2>\n<div class=\"rt-avis-vgrid\">\n<div class=\"rt-avis-vcol pos\">\n<div class=\"rt-avis-vh\">\u25b2 Points forts<\/div>\n<ul>\n<li>Ch\u00e2ssis fin et l\u00e9ger, id\u00e9al en d\u00e9placement<\/li>\n<li>\u00c9cran Liquid Retina lumineux et contrast\u00e9<\/li>\n<li>Autonomie annonc\u00e9e jusqu&rsquo;\u00e0 18 heures<\/li>\n<\/ul>\n<\/div>\n<div class=\"rt-avis-vcol neg\">\n<div class=\"rt-avis-vh\">\u25bc Points faibles<\/div>\n<ul>\n<li>Tarif plus \u00e9lev\u00e9 que les rivaux Windows<\/li>\n<li>Pens\u00e9 pour l&rsquo;\u00e9cosyst\u00e8me Apple avant tout<\/li>\n<\/ul>\n<\/div>\n<div class=\"rt-avis-vcol who\">\n<div class=\"rt-avis-vh\">\u25cf Pour qui ?<\/div>\n<div class=\"rt-avis-whobody\">Les professionnels nomades et cr\u00e9atifs d\u00e9j\u00e0 \u00e0 l&rsquo;aise sous macOS, qui veulent puissance, silence et endurance sans s&rsquo;encombrer.<\/div>\n<\/div>\n<\/div>\n<\/div>\n<\/div>\n\n\n<h2 class=\"wp-block-heading\">Pr\u00e9sentation : design et ergonomie pens\u00e9s pour la mobilit\u00e9<\/h2>\n\n\n<p class=\"wp-block-paragraph\">Le <strong>MacBook Air M3<\/strong> se distingue par son design \u00e9pur\u00e9 qui combine une esth\u00e9tique moderne \u00e0 une fonctionnalit\u00e9 optimale. Avec une \u00e9paisseur r\u00e9duite et un poids l\u00e9ger, cet ordinateur portable est id\u00e9al pour les professionnels en d\u00e9placement, facilitant son transport sans compromettre la performance. Sur ce format <strong>13 pouces<\/strong>, l&rsquo;\u00e9quilibre entre encombrement minimal et confort de travail est l&rsquo;un de ses meilleurs atouts.<\/p>\n\n\n<p class=\"wp-block-paragraph\">Une des innovations majeures du mod\u00e8le est son <strong>\u00e9cran Liquid Retina<\/strong>, offrant des couleurs vives et un contraste \u00e9lev\u00e9 qui am\u00e9liorent la visibilit\u00e9 des contenus. La clart\u00e9 de l&rsquo;affichage est particuli\u00e8rement appr\u00e9ci\u00e9e lors de la manipulation de documents ou de la cr\u00e9ation de pr\u00e9sentations, permettant aux utilisateurs de travailler avec un confort visuel optimal.<\/p>\n\n\n<p class=\"wp-block-paragraph\">En termes d&rsquo;ergonomie, le MacBook Air M3 est con\u00e7u pour le bien-\u00eatre de l&rsquo;utilisateur. Le <strong>clavier Magic Keyboard<\/strong> propose une r\u00e9ponse tactile am\u00e9lior\u00e9e, assurant une saisie confortable et pr\u00e9cise, m\u00eame lors de longues sessions de travail. Le <strong>trackpad en verre<\/strong> offre quant \u00e0 lui une navigation fluide et r\u00e9active, renfor\u00e7ant l&rsquo;exp\u00e9rience d&rsquo;ensemble. Le syst\u00e8me de <strong>refroidissement actif<\/strong> maintient des performances \u00e9lev\u00e9es tout en minimisant le bruit, une caract\u00e9ristique particuli\u00e8rement int\u00e9ressante pour travailler dans des environnements calmes.<\/p>\n\n\n<h2 class=\"wp-block-heading\">Performances du Processeur<\/h2>\n\n\n<p class=\"wp-block-paragraph\">Le c\u0153ur de l&rsquo;<strong>Air M3<\/strong> est son <strong>processeur Apple M3<\/strong>, qui se distingue par sa conception avanc\u00e9e. Avec des am\u00e9liorations notables en termes de vitesse, cette machine parvient \u00e0 ex\u00e9cuter des t\u00e2ches intensives en ressources sans difficult\u00e9. Par exemple, au test Cinebench, le MacBook Air M3 a r\u00e9ussi \u00e0 maintenir un bon comportement m\u00eame apr\u00e8s une dizaine de minutes de sollicitation, mettant en \u00e9vidence sa capacit\u00e9 \u00e0 tenir la <strong>performance<\/strong> sur de longues p\u00e9riodes. Le M3 repr\u00e9sente une avanc\u00e9e significative par rapport \u00e0 ses pr\u00e9d\u00e9cesseurs, notamment le M2, surtout dans les <strong>applications cr\u00e9atives<\/strong> qui b\u00e9n\u00e9ficient d&rsquo;une acc\u00e9l\u00e9ration substantielle.<\/p>\n\n\n<h2 class=\"wp-block-heading\">Comparaison avec les mod\u00e8les pr\u00e9c\u00e9dents<\/h2>\n\n\n<p class=\"wp-block-paragraph\">Par rapport au mod\u00e8le M2, le M3 surpasse en termes de <strong>rapidit\u00e9<\/strong> et de <strong>capacit\u00e9 de multit\u00e2che<\/strong>. Alors que le M2 \u00e9tait d\u00e9j\u00e0 performant, le M3 transcende ces limites en permettant de travailler sur plusieurs applications simultan\u00e9ment \u2014 des logiciels de montage vid\u00e9o aux programmes de design graphique \u2014 tout en maintenant une exp\u00e9rience utilisateur fluide.<\/p>\n\n\n<div class=\"rt-avis-wrap\">\n<div class=\"rt-avis-table\">\n<table>\n<thead><tr><th>G\u00e9n\u00e9ration<\/th><th>Ce qui change<\/th><th>B\u00e9n\u00e9fice ressenti<\/th><\/tr><\/thead>\n<tbody>\n<tr><td>MacBook Air M2<\/td><td>Apple Silicon de g\u00e9n\u00e9ration pr\u00e9c\u00e9dente<\/td><td>D\u00e9j\u00e0 performant au quotidien<\/td><\/tr>\n<tr><td>MacBook Air M3<\/td><td>Puce M3, gains en vitesse et en GPU<\/td><td>Multit\u00e2che plus fluide, cr\u00e9ation acc\u00e9l\u00e9r\u00e9e<\/td><\/tr>\n<\/tbody>\n<\/table>\n<\/div>\n<\/div>\n\n\n<h2 class=\"wp-block-heading\">Consommation d&rsquo;\u00e9nergie et autonomie<\/h2>\n\n\n<p class=\"wp-block-paragraph\">L&rsquo;un des grands atouts du <strong>MacBook Air M3<\/strong> est son efficacit\u00e9 \u00e9nerg\u00e9tique. Gr\u00e2ce aux optimisations du processeur, ce mod\u00e8le peut atteindre une autonomie impressionnante allant jusqu&rsquo;\u00e0 <strong>18 heures<\/strong> sur une seule charge. Cela en fait un choix de pr\u00e9dilection pour les professionnels en d\u00e9placement, garantissant une utilisation optimale durant une longue journ\u00e9e sans avoir besoin d&rsquo;une prise \u00e9lectrique.<\/p>\n\n\n<h2 class=\"wp-block-heading\">Face \u00e0 la concurrence<\/h2>\n\n\n<p class=\"wp-block-paragraph\">Lorsqu&rsquo;on le compare \u00e0 ses concurrents sur le march\u00e9 de l&rsquo;ultraportable, le <strong>MacBook Air M3<\/strong> se positionne comme un choix privil\u00e9gi\u00e9, gr\u00e2ce \u00e0 son \u00e9quilibre entre performance et portabilit\u00e9. Bien que d&rsquo;autres mod\u00e8les puissent pr\u00e9tendre \u00e0 des performances similaires, le M3 r\u00e9ussit \u00e0 offrir une exp\u00e9rience utilisateur soutenue par l&rsquo;\u00e9cosyst\u00e8me logiciel d&rsquo;Apple qui optimise chaque aspect de l&rsquo;appareil.<\/p>\n\n\n<h2 class=\"wp-block-heading\">Conclusion sur les performances<\/h2>\n\n\n<p class=\"wp-block-paragraph\">En r\u00e9sum\u00e9, le <strong>MacBook Air M3<\/strong> s&rsquo;impose avec des performances de traitement accrues, une gestion efficace de l&rsquo;\u00e9nergie et une exp\u00e9rience de multit\u00e2che fluide. En comparaison avec le mod\u00e8le M2 et d&rsquo;autres ultraportables concurrents, l&rsquo;Air M3 marque un tournant d\u00e9cisif dans la ligne de produits d&rsquo;Apple, r\u00e9pondant aux besoins croissants des professionnels modernes.<\/p>\n\n\n<figure class='wp-block-image size-full'>\n<img width=\"1344\" height=\"768\" src=\"https:\/\/randietech.com\/blog\/wp-content\/uploads\/2024\/12\/Test-du-dernier-MacBook-Air-M3-la-machine-ultime-pour-les-pros-.png\" class=\"attachment-full size-full\" alt=\"d\u00e9couvrez notre test complet du dernier macbook air m3. est-ce vraiment la machine ultime pour les professionnels ? performances, autonomie, design : tous les d\u00e9tails sur ce mod\u00e8le qui pourrait bien r\u00e9volutionner votre exp\u00e9rience de travail.\" decoding=\"async\" loading=\"lazy\" \/>\n<\/figure>\n\n\n<div class=\"rt-avis-wrap\">\n<div class=\"rt-avis-doublegrid\">\n<div class=\"rt-avis-list pos\">\n<h3>\u2713 Ce qu&rsquo;on a aim\u00e9<\/h3>\n<ul>\n<li><span class=\"rt-avis-mk\">\u2713<\/span><span>Une autonomie pouvant atteindre 18 heures sur une charge<\/span><\/li>\n<li><span class=\"rt-avis-mk\">\u2713<\/span><span>Compatible avec des solutions de recharge rapide<\/span><\/li>\n<li><span class=\"rt-avis-mk\">\u2713<\/span><span>Efficacit\u00e9 maintenue m\u00eame sous charge prolong\u00e9e<\/span><\/li>\n<li><span class=\"rt-avis-mk\">\u2713<\/span><span>\u00c9cran Retina pr\u00e9cis, id\u00e9al pour la cr\u00e9ation<\/span><\/li>\n<\/ul>\n<\/div>\n<div class=\"rt-avis-list neg\">\n<h3>\u2715 Les limites<\/h3>\n<ul>\n<li><span class=\"rt-avis-mk\">\u2715<\/span><span>Plus on\u00e9reux que des Dell XPS ou HP Spectre<\/span><\/li>\n<li><span class=\"rt-avis-mk\">\u2715<\/span><span>Valeur conditionn\u00e9e \u00e0 l&rsquo;usage de l&rsquo;\u00e9cosyst\u00e8me Apple<\/span><\/li>\n<li><span class=\"rt-avis-mk\">\u2715<\/span><span>macOS, \u00e0 privil\u00e9gier pour qui y est d\u00e9j\u00e0 habitu\u00e9<\/span><\/li>\n<\/ul>\n<\/div>\n<\/div>\n<\/div>\n\n\n<p class=\"wp-block-paragraph\">Le <strong>MacBook Air M3<\/strong> se d\u00e9marque par une autonomie pouvant atteindre <strong>18 heures<\/strong> sur une seule charge. En comparaison avec d&rsquo;autres ultrabooks, il offre une consommation d&rsquo;\u00e9nergie optimis\u00e9e, permettant d&rsquo;effectuer des t\u00e2ches gourmandes sans se soucier de recharger fr\u00e9quemment. Lors de tests de performance, m\u00eame sous une charge intensive prolong\u00e9e, l&rsquo;ordinateur maintient son efficacit\u00e9, illustrant sa capacit\u00e9 \u00e0 g\u00e9rer les outils cr\u00e9atifs et les applications lourdes sans compromettre son autonomie.<\/p>\n\n\n<p class=\"wp-block-paragraph\">En mati\u00e8re de <strong>chargement<\/strong>, le MacBook Air M3 est compatible avec des solutions de recharge rapide : les utilisateurs peuvent retrouver une charge significative en peu de temps. Un atout non n\u00e9gligeable pour ceux qui passent d&rsquo;une r\u00e9union \u00e0 une autre ou voyagent entre diff\u00e9rents lieux de travail. En somme, l&rsquo;autonomie prolong\u00e9e et les capacit\u00e9s de chargement font de cet ordinateur un excellent choix pour les activit\u00e9s n\u00e9cessitant une performance constante.<\/p>\n\n\n<h2 class=\"wp-block-heading\">Performances et efficacit\u00e9<\/h2>\n\n\n<p class=\"wp-block-paragraph\">Gr\u00e2ce \u00e0 son <strong>processeur M3<\/strong>, le MacBook Air offre des performances sup\u00e9rieures, garantissant une productivit\u00e9 accrue. Par rapport aux <strong>laptops Windows<\/strong> de milieu de gamme, il se d\u00e9marque par sa capacit\u00e9 \u00e0 g\u00e9rer des applications gourmandes en ressources, comme la retouche photo et le montage vid\u00e9o, sans lenteur notable. Pour un <strong>MacBook Air M3 en 16 Go \/ 512 Go<\/strong>, cette aisance se confirme sur les flux cr\u00e9atifs les plus exigeants.<\/p>\n\n\n<h2 class=\"wp-block-heading\">Autonomie<\/h2>\n\n\n<p class=\"wp-block-paragraph\">Un autre aspect fondamental est l&rsquo;<strong>autonomie de la batterie<\/strong>. Le MacBook Air M3 propose jusqu&rsquo;\u00e0 18 heures d&rsquo;utilisation, ce qui surpasse de nombreux concurrents. Pour les professionnels en d\u00e9placement, cette caract\u00e9ristique est essentielle, permettant de travailler toute la journ\u00e9e sans chercher une prise \u00e9lectrique.<\/p>\n\n\n<h2 class=\"wp-block-heading\">\u00c9cran et design<\/h2>\n\n\n<p class=\"wp-block-paragraph\">Avec un <strong>\u00e9cran Retina<\/strong> de haute qualit\u00e9, les couleurs sont vibrantes et les d\u00e9tails pr\u00e9cis, ce qui est particuli\u00e8rement appr\u00e9ciable pour les designers et les professionnels de la cr\u00e9ation. Son design l\u00e9ger et esth\u00e9tique rend par ailleurs le transport facile, un atout majeur pour ceux qui se d\u00e9placent fr\u00e9quemment.<\/p>\n\n\n<div class=\"rt-avis-wrap\">\n<div class=\"rt-avis-pull\">\n<span class=\"rt-avis-qmark\" aria-hidden=\"true\">\u00ab<\/span>\n<div class=\"rt-avis-q\">Un \u00e9quilibre rare entre l\u00e9g\u00e8ret\u00e9, autonomie et puissance, port\u00e9 par la coh\u00e9rence de l&rsquo;\u00e9cosyst\u00e8me Apple.<\/div>\n<\/div>\n<\/div>\n\n\n<h2 class=\"wp-block-heading\">Rapport qualit\u00e9-prix par rapport aux concurrents<\/h2>\n\n\n<p class=\"wp-block-paragraph\">Lorsqu&rsquo;on le compare aux <strong>laptops similaires<\/strong> comme les Dell XPS ou HP Spectre, le MacBook Air M3 peut sembler plus on\u00e9reux. Cependant, la qualit\u00e9 de construction, le support logiciel et l&rsquo;\u00e9cosyst\u00e8me Apple offrent une valeur ajout\u00e9e ind\u00e9niable. Les mises \u00e0 jour r\u00e9guli\u00e8res et les performances optimis\u00e9es dans les applications professionnelles sont des facteurs \u00e0 ne pas n\u00e9gliger.<\/p>\n\n\n<h2 class=\"wp-block-heading\">Syst\u00e8me d&rsquo;exploitation et \u00e9cosyst\u00e8me<\/h2>\n\n\n<p class=\"wp-block-paragraph\">Le choix du <strong>syst\u00e8me d&rsquo;exploitation macOS<\/strong> offre une fluidit\u00e9 et une compatibilit\u00e9 avec de nombreux logiciels professionnels, souvent plus efficaces que leurs homologues sur Windows. Cela repr\u00e9sente un avantage pour les utilisateurs habitu\u00e9s \u00e0 l&rsquo;\u00e9cosyst\u00e8me Apple, augmentant la valeur per\u00e7ue de l&rsquo;appareil.<\/p>\n\n\n<h2 class=\"wp-block-heading\">Conclusion des facteurs de valeur<\/h2>\n\n\n<p class=\"wp-block-paragraph\">En somme, le <strong>MacBook Air M3<\/strong> se positionne comme un excellent choix pour les professionnels en qu\u00eate d&rsquo;un <strong>laptop performant<\/strong> alliant l\u00e9g\u00e8ret\u00e9, autonomie et puissance. Bien qu&rsquo;il soit plus cher que certains concurrents, les b\u00e9n\u00e9fices \u00e0 long terme justifient souvent cet investissement.<\/p>\n\n\n<figure class=\"wp-block-embed is-type-video is-provider-youtube wp-block-embed-youtube wp-embed-aspect-16-9 wp-has-aspect-ratio\">\n<div class=\"wp-block-embed__wrapper\">\n<iframe loading=\"lazy\" title=\"Why I use the BASE MODEL M2 MacBook Air\" width=\"1200\" height=\"675\" src=\"https:\/\/www.youtube.com\/embed\/6v_JtlyN7bI?feature=oembed\" frameborder=\"0\" allow=\"accelerometer; autoplay; clipboard-write; encrypted-media; gyroscope; picture-in-picture; web-share\" referrerpolicy=\"strict-origin-when-cross-origin\" allowfullscreen><\/iframe>\n<\/div>\n<\/figure>\n\n\n<h2 class=\"wp-block-heading\">Connectivit\u00e9 et configurations<\/h2>\n\n\n<p class=\"wp-block-paragraph\">En termes de <strong>connectivit\u00e9<\/strong>, le MacBook Air M3 propose plusieurs ports utiles, facilitant l&rsquo;int\u00e9gration avec d&rsquo;autres dispositifs. Son \u00e9cran Retina fournit une qualit\u00e9 d&rsquo;image exceptionnelle, particuli\u00e8rement avantageuse pour les professionnels du <strong>design graphique<\/strong> ou de la <strong>vid\u00e9o<\/strong>. Les <strong>options de stockage<\/strong> et de <strong>m\u00e9moire RAM<\/strong> disponibles permettent une personnalisation selon les besoins de chacun, renfor\u00e7ant son attractivit\u00e9 sur le march\u00e9.<\/p>\n\n\n<div class=\"rt-avis-wrap\">\n<div class=\"rt-avis-cards\">\n<div class=\"rt-avis-card\">\n<span class=\"rt-avis-cn\">01<\/span>\n<h3>Puce M3<\/h3>\n<div class=\"rt-avis-ct\">Apple Silicon de nouvelle g\u00e9n\u00e9ration, plus rapide que le M2, taill\u00e9 pour les apps cr\u00e9atives.<\/div>\n<\/div>\n<div class=\"rt-avis-card\">\n<span class=\"rt-avis-cn\">02<\/span>\n<h3>\u00c9cran Liquid Retina<\/h3>\n<div class=\"rt-avis-ct\">Couleurs vives et contraste \u00e9lev\u00e9 pour la retouche photo et la vid\u00e9o.<\/div>\n<\/div>\n<div class=\"rt-avis-card\">\n<span class=\"rt-avis-cn\">03<\/span>\n<h3>Autonomie 18 h<\/h3>\n<div class=\"rt-avis-ct\">Une journ\u00e9e compl\u00e8te de travail sans recharge, plus la recharge rapide.<\/div>\n<\/div>\n<div class=\"rt-avis-card\">\n<span class=\"rt-avis-cn\">04<\/span>\n<h3>macOS<\/h3>\n<div class=\"rt-avis-ct\">\u00c9cosyst\u00e8me logiciel coh\u00e9rent, applications pro optimis\u00e9es et mises \u00e0 jour r\u00e9guli\u00e8res.<\/div>\n<\/div>\n<\/div>\n<\/div>\n\n\n<div class=\"rt-avis-wrap\">\n<div class=\"rt-avis-retenir\">\n<span class=\"rt-avis-kick\">\u00c0 retenir<\/span>\n<ul>\n<li><span class=\"rt-avis-num\">1<\/span><span>La puce <strong>M3<\/strong> apporte un gain r\u00e9el de rapidit\u00e9 et de multit\u00e2che face au M2.<\/span><\/li>\n<li><span class=\"rt-avis-num\">2<\/span><span>Une autonomie pouvant atteindre <strong>18 heures<\/strong> en fait un compagnon de mobilit\u00e9 fiable.<\/span><\/li>\n<li><span class=\"rt-avis-num\">3<\/span><span>Ch\u00e2ssis l\u00e9ger, \u00e9cran Liquid Retina et Magic Keyboard signent un confort d&rsquo;usage premium.<\/span><\/li>\n<li><span class=\"rt-avis-num\">4<\/span><span>Plus cher qu&rsquo;un Dell XPS ou HP Spectre, mais l&rsquo;\u00e9cosyst\u00e8me Apple justifie souvent l&rsquo;\u00e9cart.<\/span><\/li>\n<\/ul>\n<\/div>\n<\/div>\n\n\n<div class=\"rt-avis-wrap\">\n<div class=\"rt-avis-faq\">\n<h2 style=\"margin-top:0;\">Questions fr\u00e9quentes<\/h2>\n<div class=\"rt-avis-fwrap\">\n<details>\n<summary><span>Le MacBook Air M3 vaut-il l&rsquo;upgrade depuis le M2 ?<\/span><span class=\"rt-avis-pm\" aria-hidden=\"true\">+<\/span><\/summary>\n<div class=\"rt-avis-fa\">Le M3 surpasse le M2 en rapidit\u00e9 et en multit\u00e2che, avec une acc\u00e9l\u00e9ration marqu\u00e9e sur les applications cr\u00e9atives. Le gain est surtout sensible pour les usages exigeants comme le montage vid\u00e9o ou le design graphique ; pour de la bureautique simple, un M2 reste largement suffisant.<\/div>\n<\/details>\n<details>\n<summary><span>Quelle autonomie r\u00e9elle pour le MacBook Air M3 ?<\/span><span class=\"rt-avis-pm\" aria-hidden=\"true\">+<\/span><\/summary>\n<div class=\"rt-avis-fa\">Le mod\u00e8le annonce jusqu&rsquo;\u00e0 18 heures sur une seule charge. M\u00eame sous charge intensive prolong\u00e9e, l&rsquo;ordinateur maintient son efficacit\u00e9, ce qui permet de tenir une journ\u00e9e de travail compl\u00e8te sans prise \u00e9lectrique. La recharge rapide compl\u00e8te l&rsquo;ensemble.<\/div>\n<\/details>\n<details>\n<summary><span>Le MacBook Air M3 13 pouces convient-il aux cr\u00e9atifs ?<\/span><span class=\"rt-avis-pm\" aria-hidden=\"true\">+<\/span><\/summary>\n<div class=\"rt-avis-fa\">Oui. L&rsquo;\u00e9cran Liquid Retina pr\u00e9cis, la puce M3 et macOS avec ses applications pro optimis\u00e9es en font un outil adapt\u00e9 \u00e0 la retouche photo et \u00e0 la vid\u00e9o, tout en restant l\u00e9ger \u00e0 transporter.<\/div>\n<\/details>\n<details>\n<summary><span>Faut-il le pr\u00e9f\u00e9rer \u00e0 un Dell XPS ou un HP Spectre ?<\/span><span class=\"rt-avis-pm\" aria-hidden=\"true\">+<\/span><\/summary>\n<div class=\"rt-avis-fa\">Le MacBook Air M3 est souvent plus on\u00e9reux que ces ultraportables Windows. Le choix d\u00e9pend de votre \u00e9cosyst\u00e8me : si vous \u00eates d\u00e9j\u00e0 sous macOS, la qualit\u00e9 de construction, le support logiciel et l&rsquo;int\u00e9gration Apple apportent une valeur ajout\u00e9e qui justifie l&rsquo;investissement.<\/div>\n<\/details>\n<\/div>\n<\/div>\n<\/div>\n\n\n<p class=\"wp-block-paragraph\">En somme, le MacBook Air M3 \u00e9merge comme un outil redoutable pour les professionnels, alliant performances, portabilit\u00e9 et fonctionnalit\u00e9s avanc\u00e9es. Il se r\u00e9v\u00e8le une solution id\u00e9ale pour ceux qui recherchent un appareil fiable et comp\u00e9tent pour g\u00e9rer leurs t\u00e2ches quotidiennes.<\/p>\n\n","protected":false},"excerpt":{"rendered":"","protected":false},"author":34,"featured_media":7237,"comment_status":"open","ping_status":"open","sticky":false,"template":"","format":"standard","meta":{"_acf_changed":false,"manual_indexmenow":false,"indexmenow_id_project":0,"footnotes":""},"categories":[4521],"tags":[],"class_list":["post-7236","post","type-post","status-publish","format-standard","has-post-thumbnail","hentry","category-tests-et-comparatifs-de-produits","generate-columns","tablet-grid-50","mobile-grid-100","grid-parent","grid-25"],"acf":[],"yoast_head":"<!-- This site is optimized with the Yoast SEO Premium plugin v21.3 (Yoast SEO v26.5) - https:\/\/yoast.com\/wordpress\/plugins\/seo\/ -->\n<title>MacBook Air M3 : L&#039;outil incontournable des professionnels?<\/title>\n<meta name=\"description\" content=\"Dans un monde professionnel en constante \u00e9volution o\u00f9 la mobilit\u00e9 et la performance sont essentielles, le choix du mat\u00e9riel informatique devient crucial\" \/>\n<meta name=\"robots\" content=\"index, follow, max-snippet:-1, max-image-preview:large, max-video-preview:-1\" \/>\n<link rel=\"canonical\" href=\"https:\/\/randietech.com\/blog\/tests-et-comparatifs-de-produits\/test-du-dernier-macbook-air-m3-la-machine-ultime-pour-les-pros\/\" \/>\n<meta property=\"og:locale\" content=\"fr_FR\" \/>\n<meta property=\"og:type\" content=\"article\" \/>\n<meta property=\"og:title\" content=\"MacBook Air M3 : L&#039;outil incontournable des professionnels?\" \/>\n<meta property=\"og:description\" content=\"Dans un monde professionnel en constante \u00e9volution o\u00f9 la mobilit\u00e9 et la performance sont essentielles, le choix du mat\u00e9riel informatique devient crucial\" \/>\n<meta property=\"og:url\" content=\"https:\/\/randietech.com\/blog\/tests-et-comparatifs-de-produits\/test-du-dernier-macbook-air-m3-la-machine-ultime-pour-les-pros\/\" \/>\n<meta property=\"og:site_name\" content=\"randietech\" \/>\n<meta property=\"og:image\" content=\"https:\/\/randietech.com\/blog\/wp-content\/uploads\/2024\/12\/Test-du-dernier-MacBook-Air-M3-la-machine-ultime-pour-les-pros-1-1.png\" \/>\n\t<meta property=\"og:image:width\" content=\"1344\" \/>\n\t<meta property=\"og:image:height\" content=\"768\" \/>\n\t<meta property=\"og:image:type\" content=\"image\/png\" \/>\n<meta name=\"author\" content=\"Clara Nizard\" \/>\n<meta name=\"twitter:card\" content=\"summary_large_image\" \/>\n<script type=\"application\/ld+json\" class=\"yoast-schema-graph\">{\"@context\":\"https:\/\/schema.org\",\"@graph\":[{\"@type\":\"NewsArticle\",\"@id\":\"https:\/\/randietech.com\/blog\/tests-et-comparatifs-de-produits\/test-du-dernier-macbook-air-m3-la-machine-ultime-pour-les-pros\/#article\",\"isPartOf\":{\"@id\":\"https:\/\/randietech.com\/blog\/tests-et-comparatifs-de-produits\/test-du-dernier-macbook-air-m3-la-machine-ultime-pour-les-pros\/\"},\"author\":{\"name\":\"Clara Nizard\",\"@id\":\"https:\/\/randietech.com\/blog\/#\/schema\/person\/3c864cdc320801e3db34b663e7e3f816\"},\"headline\":\"Test du dernier MacBook Air M3 : la machine ultime pour les pros ?\",\"datePublished\":\"2026-06-16T11:55:29+00:00\",\"mainEntityOfPage\":{\"@id\":\"https:\/\/randietech.com\/blog\/tests-et-comparatifs-de-produits\/test-du-dernier-macbook-air-m3-la-machine-ultime-pour-les-pros\/\"},\"wordCount\":2010,\"commentCount\":0,\"publisher\":{\"@id\":\"https:\/\/randietech.com\/blog\/#organization\"},\"image\":{\"@id\":\"https:\/\/randietech.com\/blog\/tests-et-comparatifs-de-produits\/test-du-dernier-macbook-air-m3-la-machine-ultime-pour-les-pros\/#primaryimage\"},\"thumbnailUrl\":\"https:\/\/randietech.com\/blog\/wp-content\/uploads\/2024\/12\/Test-du-dernier-MacBook-Air-M3-la-machine-ultime-pour-les-pros-1-1.png\",\"articleSection\":[\"Tests et Comparatifs de Produits\"],\"inLanguage\":\"fr-FR\",\"potentialAction\":[{\"@type\":\"CommentAction\",\"name\":\"Comment\",\"target\":[\"https:\/\/randietech.com\/blog\/tests-et-comparatifs-de-produits\/test-du-dernier-macbook-air-m3-la-machine-ultime-pour-les-pros\/#respond\"]}]},{\"@type\":\"WebPage\",\"@id\":\"https:\/\/randietech.com\/blog\/tests-et-comparatifs-de-produits\/test-du-dernier-macbook-air-m3-la-machine-ultime-pour-les-pros\/\",\"url\":\"https:\/\/randietech.com\/blog\/tests-et-comparatifs-de-produits\/test-du-dernier-macbook-air-m3-la-machine-ultime-pour-les-pros\/\",\"name\":\"MacBook Air M3 : L'outil incontournable des professionnels?\",\"isPartOf\":{\"@id\":\"https:\/\/randietech.com\/blog\/#website\"},\"primaryImageOfPage\":{\"@id\":\"https:\/\/randietech.com\/blog\/tests-et-comparatifs-de-produits\/test-du-dernier-macbook-air-m3-la-machine-ultime-pour-les-pros\/#primaryimage\"},\"image\":{\"@id\":\"https:\/\/randietech.com\/blog\/tests-et-comparatifs-de-produits\/test-du-dernier-macbook-air-m3-la-machine-ultime-pour-les-pros\/#primaryimage\"},\"thumbnailUrl\":\"https:\/\/randietech.com\/blog\/wp-content\/uploads\/2024\/12\/Test-du-dernier-MacBook-Air-M3-la-machine-ultime-pour-les-pros-1-1.png\",\"datePublished\":\"2026-06-16T11:55:29+00:00\",\"description\":\"Dans un monde professionnel en constante \u00e9volution o\u00f9 la mobilit\u00e9 et la performance sont essentielles, le choix du mat\u00e9riel informatique devient crucial\",\"inLanguage\":\"fr-FR\",\"potentialAction\":[{\"@type\":\"ReadAction\",\"target\":[\"https:\/\/randietech.com\/blog\/tests-et-comparatifs-de-produits\/test-du-dernier-macbook-air-m3-la-machine-ultime-pour-les-pros\/\"]}]},{\"@type\":\"ImageObject\",\"inLanguage\":\"fr-FR\",\"@id\":\"https:\/\/randietech.com\/blog\/tests-et-comparatifs-de-produits\/test-du-dernier-macbook-air-m3-la-machine-ultime-pour-les-pros\/#primaryimage\",\"url\":\"https:\/\/randietech.com\/blog\/wp-content\/uploads\/2024\/12\/Test-du-dernier-MacBook-Air-M3-la-machine-ultime-pour-les-pros-1-1.png\",\"contentUrl\":\"https:\/\/randietech.com\/blog\/wp-content\/uploads\/2024\/12\/Test-du-dernier-MacBook-Air-M3-la-machine-ultime-pour-les-pros-1-1.png\",\"width\":1344,\"height\":768,\"caption\":\"d\u00e9couvrez notre test complet du dernier macbook air m3. est-ce la machine ultime pour les professionnels ? performances, autonomie et design sont au rendez-vous. lisez notre avis pour savoir si cet ultrabook r\u00e9pond aux exigences des utilisateurs les plus exigeants.\"},{\"@type\":\"WebSite\",\"@id\":\"https:\/\/randietech.com\/blog\/#website\",\"url\":\"https:\/\/randietech.com\/blog\/\",\"name\":\"randietech.com\",\"description\":\"Plongez dans la tech de demain.\",\"publisher\":{\"@id\":\"https:\/\/randietech.com\/blog\/#organization\"},\"alternateName\":\"Plongez dans la tech de demain.\",\"potentialAction\":[{\"@type\":\"SearchAction\",\"target\":{\"@type\":\"EntryPoint\",\"urlTemplate\":\"https:\/\/randietech.com\/blog\/?s={search_term_string}\"},\"query-input\":{\"@type\":\"PropertyValueSpecification\",\"valueRequired\":true,\"valueName\":\"search_term_string\"}}],\"inLanguage\":\"fr-FR\"},{\"@type\":\"Organization\",\"@id\":\"https:\/\/randietech.com\/blog\/#organization\",\"name\":\"Foretsensations.fr\",\"url\":\"https:\/\/randietech.com\/blog\/\",\"logo\":{\"@type\":\"ImageObject\",\"inLanguage\":\"fr-FR\",\"@id\":\"https:\/\/randietech.com\/blog\/#\/schema\/logo\/image\/\",\"url\":\"https:\/\/randietech.com\/blog\/wp-content\/uploads\/2024\/12\/2.png\",\"contentUrl\":\"https:\/\/randietech.com\/blog\/wp-content\/uploads\/2024\/12\/2.png\",\"width\":500,\"height\":500,\"caption\":\"Foretsensations.fr\"},\"image\":{\"@id\":\"https:\/\/randietech.com\/blog\/#\/schema\/logo\/image\/\"}},{\"@type\":\"Person\",\"@id\":\"https:\/\/randietech.com\/blog\/#\/schema\/person\/3c864cdc320801e3db34b663e7e3f816\",\"name\":\"Clara Nizard\",\"image\":{\"@type\":\"ImageObject\",\"inLanguage\":\"fr-FR\",\"@id\":\"https:\/\/randietech.com\/blog\/#\/schema\/person\/image\/\",\"url\":\"https:\/\/randietech.com\/blog\/wp-content\/uploads\/2026\/06\/persona_clara-n-96x96.jpg\",\"contentUrl\":\"https:\/\/randietech.com\/blog\/wp-content\/uploads\/2026\/06\/persona_clara-n-96x96.jpg\",\"caption\":\"Clara Nizard\"},\"description\":\"Je suis sp\u00e9cialis\u00e9e dans le mobile et l'\u00e9cosyst\u00e8me num\u00e9rique : smartphones, r\u00e9paration, applications et tendances du web. Mon parcours m\u00eale veille technologique et r\u00e9daction depuis plusieurs ann\u00e9es, avec un faible pour les sujets pratiques \u2014 prolonger la vie de son t\u00e9l\u00e9phone, bien le r\u00e9parer, choisir le bon appareil sans se ruiner. J'aborde aussi la transformation digitale du point de vue de l'utilisateur et des petites structures qui cherchent \u00e0 exister en ligne. Je travaille \u00e0 partir de tests, de fiches techniques v\u00e9rifi\u00e9es et de retours d'usage r\u00e9els, et je distingue toujours la nouveaut\u00e9 marketing de l'avanc\u00e9e utile. Mon angle : d\u00e9mystifier la high-tech pour que chacun reste ma\u00eetre de ses outils plut\u00f4t que d\u00e9pass\u00e9 par eux. J'\u00e9cris clair, court quand il le faut, d\u00e9taill\u00e9 quand le sujet l'exige.\",\"sameAs\":[\"https:\/\/claranizard.fr\/\"],\"url\":\"https:\/\/randietech.com\/blog\/auteur\/noname\/\"}]}<\/script>\n<!-- \/ Yoast SEO Premium plugin. -->","yoast_head_json":{"title":"MacBook Air M3 : L'outil incontournable des professionnels?","description":"Dans un monde professionnel en constante \u00e9volution o\u00f9 la mobilit\u00e9 et la performance sont essentielles, le choix du mat\u00e9riel informatique devient crucial","robots":{"index":"index","follow":"follow","max-snippet":"max-snippet:-1","max-image-preview":"max-image-preview:large","max-video-preview":"max-video-preview:-1"},"canonical":"https:\/\/randietech.com\/blog\/tests-et-comparatifs-de-produits\/test-du-dernier-macbook-air-m3-la-machine-ultime-pour-les-pros\/","og_locale":"fr_FR","og_type":"article","og_title":"MacBook Air M3 : L'outil incontournable des professionnels?","og_description":"Dans un monde professionnel en constante \u00e9volution o\u00f9 la mobilit\u00e9 et la performance sont essentielles, le choix du mat\u00e9riel informatique devient crucial","og_url":"https:\/\/randietech.com\/blog\/tests-et-comparatifs-de-produits\/test-du-dernier-macbook-air-m3-la-machine-ultime-pour-les-pros\/","og_site_name":"randietech","og_image":[{"width":1344,"height":768,"url":"https:\/\/randietech.com\/blog\/wp-content\/uploads\/2024\/12\/Test-du-dernier-MacBook-Air-M3-la-machine-ultime-pour-les-pros-1-1.png","type":"image\/png"}],"author":"Clara Nizard","twitter_card":"summary_large_image","schema":{"@context":"https:\/\/schema.org","@graph":[{"@type":"NewsArticle","@id":"https:\/\/randietech.com\/blog\/tests-et-comparatifs-de-produits\/test-du-dernier-macbook-air-m3-la-machine-ultime-pour-les-pros\/#article","isPartOf":{"@id":"https:\/\/randietech.com\/blog\/tests-et-comparatifs-de-produits\/test-du-dernier-macbook-air-m3-la-machine-ultime-pour-les-pros\/"},"author":{"name":"Clara Nizard","@id":"https:\/\/randietech.com\/blog\/#\/schema\/person\/3c864cdc320801e3db34b663e7e3f816"},"headline":"Test du dernier MacBook Air M3 : la machine ultime pour les pros ?","datePublished":"2026-06-16T11:55:29+00:00","mainEntityOfPage":{"@id":"https:\/\/randietech.com\/blog\/tests-et-comparatifs-de-produits\/test-du-dernier-macbook-air-m3-la-machine-ultime-pour-les-pros\/"},"wordCount":2010,"commentCount":0,"publisher":{"@id":"https:\/\/randietech.com\/blog\/#organization"},"image":{"@id":"https:\/\/randietech.com\/blog\/tests-et-comparatifs-de-produits\/test-du-dernier-macbook-air-m3-la-machine-ultime-pour-les-pros\/#primaryimage"},"thumbnailUrl":"https:\/\/randietech.com\/blog\/wp-content\/uploads\/2024\/12\/Test-du-dernier-MacBook-Air-M3-la-machine-ultime-pour-les-pros-1-1.png","articleSection":["Tests et Comparatifs de Produits"],"inLanguage":"fr-FR","potentialAction":[{"@type":"CommentAction","name":"Comment","target":["https:\/\/randietech.com\/blog\/tests-et-comparatifs-de-produits\/test-du-dernier-macbook-air-m3-la-machine-ultime-pour-les-pros\/#respond"]}]},{"@type":"WebPage","@id":"https:\/\/randietech.com\/blog\/tests-et-comparatifs-de-produits\/test-du-dernier-macbook-air-m3-la-machine-ultime-pour-les-pros\/","url":"https:\/\/randietech.com\/blog\/tests-et-comparatifs-de-produits\/test-du-dernier-macbook-air-m3-la-machine-ultime-pour-les-pros\/","name":"MacBook Air M3 : L'outil incontournable des professionnels?","isPartOf":{"@id":"https:\/\/randietech.com\/blog\/#website"},"primaryImageOfPage":{"@id":"https:\/\/randietech.com\/blog\/tests-et-comparatifs-de-produits\/test-du-dernier-macbook-air-m3-la-machine-ultime-pour-les-pros\/#primaryimage"},"image":{"@id":"https:\/\/randietech.com\/blog\/tests-et-comparatifs-de-produits\/test-du-dernier-macbook-air-m3-la-machine-ultime-pour-les-pros\/#primaryimage"},"thumbnailUrl":"https:\/\/randietech.com\/blog\/wp-content\/uploads\/2024\/12\/Test-du-dernier-MacBook-Air-M3-la-machine-ultime-pour-les-pros-1-1.png","datePublished":"2026-06-16T11:55:29+00:00","description":"Dans un monde professionnel en constante \u00e9volution o\u00f9 la mobilit\u00e9 et la performance sont essentielles, le choix du mat\u00e9riel informatique devient crucial","inLanguage":"fr-FR","potentialAction":[{"@type":"ReadAction","target":["https:\/\/randietech.com\/blog\/tests-et-comparatifs-de-produits\/test-du-dernier-macbook-air-m3-la-machine-ultime-pour-les-pros\/"]}]},{"@type":"ImageObject","inLanguage":"fr-FR","@id":"https:\/\/randietech.com\/blog\/tests-et-comparatifs-de-produits\/test-du-dernier-macbook-air-m3-la-machine-ultime-pour-les-pros\/#primaryimage","url":"https:\/\/randietech.com\/blog\/wp-content\/uploads\/2024\/12\/Test-du-dernier-MacBook-Air-M3-la-machine-ultime-pour-les-pros-1-1.png","contentUrl":"https:\/\/randietech.com\/blog\/wp-content\/uploads\/2024\/12\/Test-du-dernier-MacBook-Air-M3-la-machine-ultime-pour-les-pros-1-1.png","width":1344,"height":768,"caption":"d\u00e9couvrez notre test complet du dernier macbook air m3. est-ce la machine ultime pour les professionnels ? performances, autonomie et design sont au rendez-vous. lisez notre avis pour savoir si cet ultrabook r\u00e9pond aux exigences des utilisateurs les plus exigeants."},{"@type":"WebSite","@id":"https:\/\/randietech.com\/blog\/#website","url":"https:\/\/randietech.com\/blog\/","name":"randietech.com","description":"Plongez dans la tech de demain.","publisher":{"@id":"https:\/\/randietech.com\/blog\/#organization"},"alternateName":"Plongez dans la tech de demain.","potentialAction":[{"@type":"SearchAction","target":{"@type":"EntryPoint","urlTemplate":"https:\/\/randietech.com\/blog\/?s={search_term_string}"},"query-input":{"@type":"PropertyValueSpecification","valueRequired":true,"valueName":"search_term_string"}}],"inLanguage":"fr-FR"},{"@type":"Organization","@id":"https:\/\/randietech.com\/blog\/#organization","name":"Foretsensations.fr","url":"https:\/\/randietech.com\/blog\/","logo":{"@type":"ImageObject","inLanguage":"fr-FR","@id":"https:\/\/randietech.com\/blog\/#\/schema\/logo\/image\/","url":"https:\/\/randietech.com\/blog\/wp-content\/uploads\/2024\/12\/2.png","contentUrl":"https:\/\/randietech.com\/blog\/wp-content\/uploads\/2024\/12\/2.png","width":500,"height":500,"caption":"Foretsensations.fr"},"image":{"@id":"https:\/\/randietech.com\/blog\/#\/schema\/logo\/image\/"}},{"@type":"Person","@id":"https:\/\/randietech.com\/blog\/#\/schema\/person\/3c864cdc320801e3db34b663e7e3f816","name":"Clara Nizard","image":{"@type":"ImageObject","inLanguage":"fr-FR","@id":"https:\/\/randietech.com\/blog\/#\/schema\/person\/image\/","url":"https:\/\/randietech.com\/blog\/wp-content\/uploads\/2026\/06\/persona_clara-n-96x96.jpg","contentUrl":"https:\/\/randietech.com\/blog\/wp-content\/uploads\/2026\/06\/persona_clara-n-96x96.jpg","caption":"Clara Nizard"},"description":"Je suis sp\u00e9cialis\u00e9e dans le mobile et l'\u00e9cosyst\u00e8me num\u00e9rique : smartphones, r\u00e9paration, applications et tendances du web. Mon parcours m\u00eale veille technologique et r\u00e9daction depuis plusieurs ann\u00e9es, avec un faible pour les sujets pratiques \u2014 prolonger la vie de son t\u00e9l\u00e9phone, bien le r\u00e9parer, choisir le bon appareil sans se ruiner. J'aborde aussi la transformation digitale du point de vue de l'utilisateur et des petites structures qui cherchent \u00e0 exister en ligne. Je travaille \u00e0 partir de tests, de fiches techniques v\u00e9rifi\u00e9es et de retours d'usage r\u00e9els, et je distingue toujours la nouveaut\u00e9 marketing de l'avanc\u00e9e utile. Mon angle : d\u00e9mystifier la high-tech pour que chacun reste ma\u00eetre de ses outils plut\u00f4t que d\u00e9pass\u00e9 par eux. J'\u00e9cris clair, court quand il le faut, d\u00e9taill\u00e9 quand le sujet l'exige.","sameAs":["https:\/\/claranizard.fr\/"],"url":"https:\/\/randietech.com\/blog\/auteur\/noname\/"}]}},"_links":{"self":[{"href":"https:\/\/randietech.com\/blog\/wp-json\/wp\/v2\/posts\/7236","targetHints":{"allow":["GET"]}}],"collection":[{"href":"https:\/\/randietech.com\/blog\/wp-json\/wp\/v2\/posts"}],"about":[{"href":"https:\/\/randietech.com\/blog\/wp-json\/wp\/v2\/types\/post"}],"author":[{"embeddable":true,"href":"https:\/\/randietech.com\/blog\/wp-json\/wp\/v2\/users\/34"}],"replies":[{"embeddable":true,"href":"https:\/\/randietech.com\/blog\/wp-json\/wp\/v2\/comments?post=7236"}],"version-history":[{"count":2,"href":"https:\/\/randietech.com\/blog\/wp-json\/wp\/v2\/posts\/7236\/revisions"}],"predecessor-version":[{"id":8743,"href":"https:\/\/randietech.com\/blog\/wp-json\/wp\/v2\/posts\/7236\/revisions\/8743"}],"wp:featuredmedia":[{"embeddable":true,"href":"https:\/\/randietech.com\/blog\/wp-json\/wp\/v2\/media\/7237"}],"wp:attachment":[{"href":"https:\/\/randietech.com\/blog\/wp-json\/wp\/v2\/media?parent=7236"}],"wp:term":[{"taxonomy":"category","embeddable":true,"href":"https:\/\/randietech.com\/blog\/wp-json\/wp\/v2\/categories?post=7236"},{"taxonomy":"post_tag","embeddable":true,"href":"https:\/\/randietech.com\/blog\/wp-json\/wp\/v2\/tags?post=7236"}],"curies":[{"name":"wp","href":"https:\/\/api.w.org\/{rel}","templated":true}]}}