{"id":7239,"date":"2026-06-16T00:05:56","date_gmt":"2026-06-15T22:05:56","guid":{"rendered":"https:\/\/randietech.com\/blog\/a-la-une\/la-5g-est-elle-enfin-prete-a-revolutionner-nos-usages\/"},"modified":"2026-06-16T00:05:56","modified_gmt":"2026-06-15T22:05:56","slug":"la-5g-est-elle-enfin-prete-a-revolutionner-nos-usages","status":"publish","type":"post","link":"https:\/\/randietech.com\/blog\/innovations-et-tendances\/la-5g-est-elle-enfin-prete-a-revolutionner-nos-usages\/","title":{"rendered":"La 5G est-elle enfin pr\u00eate \u00e0 r\u00e9volutionner nos usages ?"},"content":{"rendered":"\n<link rel=\"stylesheet\" href=\"https:\/\/fonts.googleapis.com\/css2?family=Space+Grotesk:wght@500;600;700&#038;family=Inter:wght@400;500;600&#038;family=JetBrains+Mono:wght@500&#038;display=swap\">\n<style>\n.rt-5g-wrap{font-family:'Inter',-apple-system,BlinkMacSystemFont,'Segoe UI',sans-serif;color:#1b2230;line-height:1.65;font-size:17px;}\n.rt-5g-wrap h2{font-family:'Space Grotesk','Inter',sans-serif;font-weight:700;font-size:clamp(24px,3.2vw,33px);letter-spacing:-0.02em;color:#0f1625;margin:54px 0 14px;line-height:1.2;}\n.rt-5g-wrap h3{font-family:'Space Grotesk','Inter',sans-serif;font-weight:600;font-size:clamp(19px,2.2vw,22px);letter-spacing:-0.01em;color:#16203a;margin:30px 0 10px;}\n.rt-5g-wrap p{margin:16px 0;}\n.rt-5g-kicker{font-family:'JetBrains Mono',monospace;font-size:12px;font-weight:500;letter-spacing:.16em;text-transform:uppercase;color:#1F6FEB;display:block;margin-bottom:6px;}\n.rt-5g-lead{font-size:20px;line-height:1.55;color:#33405a;font-weight:500;margin:18px 0 26px;letter-spacing:-0.005em;}\n.rt-5g-brief{background:#eef4fe;border-left:5px solid #1F6FEB;border-radius:0 12px 12px 0;padding:22px 26px 24px;margin:28px 0;box-shadow:0 1px 2px rgba(16,24,40,.05),0 14px 30px -18px rgba(31,111,235,.35);}\n.rt-5g-brief .rt-5g-blabel{font-family:'JetBrains Mono',monospace;font-size:12px;font-weight:500;letter-spacing:.14em;text-transform:uppercase;color:#1453c2;display:block;margin-bottom:10px;}\n.rt-5g-brief .rt-5g-answer{font-size:18px;line-height:1.55;color:#13203a;font-weight:500;}\n.rt-5g-brief ul{margin:14px 0 0;padding:0;list-style:none;display:grid;gap:9px;}\n.rt-5g-brief li{display:flex;gap:10px;align-items:flex-start;font-size:15px;line-height:1.5;color:#1f2c45;}\n.rt-5g-brief li::before{content:\"\u2192\";color:#1F6FEB;font-weight:700;flex:0 0 auto;}\n.rt-5g-stats{display:grid;grid-template-columns:repeat(auto-fit,minmax(150px,1fr));background:#0f1625;border-radius:12px;overflow:hidden;margin:34px 0;}\n.rt-5g-stat{padding:24px 18px;text-align:center;border-right:1px solid #1f2a40;}\n.rt-5g-stat:last-child{border-right:none;}\n.rt-5g-stat .rt-5g-num{font-family:'Space Grotesk',sans-serif;font-size:34px;font-weight:700;color:#fff;letter-spacing:-0.03em;line-height:1;}\n.rt-5g-stat .rt-5g-num.rt-5g-hl{color:#5fa8ff;}\n.rt-5g-stat .rt-5g-lab{font-family:'JetBrains Mono',monospace;font-size:11px;text-transform:uppercase;letter-spacing:.1em;color:#8c9bb5;margin-top:9px;line-height:1.4;}\n.rt-5g-grid{display:grid;grid-template-columns:repeat(auto-fit,minmax(230px,1fr));gap:16px;margin:30px 0;}\n.rt-5g-card{background:#fff;border:1px solid #e4e9f2;border-top:3px solid #1F6FEB;border-radius:10px;padding:20px 20px 18px;transition:.25s ease;box-shadow:0 1px 2px rgba(16,24,40,.05);}\n.rt-5g-card:hover{transform:translateY(-3px);box-shadow:0 1px 2px rgba(16,24,40,.05),0 16px 32px -18px rgba(16,24,40,.28);border-top-color:#1453c2;}\n.rt-5g-card .rt-5g-ct{font-family:'Space Grotesk',sans-serif;font-size:16.5px;font-weight:600;color:#0f1625;margin-bottom:6px;letter-spacing:-0.01em;}\n.rt-5g-card .rt-5g-cd{font-size:14px;line-height:1.55;color:#4a566e;}\n.rt-5g-note{background:#fff7e6;border-left:4px solid #d99100;border-radius:0 8px 8px 0;padding:15px 18px;margin:24px 0;}\n.rt-5g-note .rt-5g-nlab{font-family:'JetBrains Mono',monospace;font-size:11.5px;font-weight:500;text-transform:uppercase;letter-spacing:.12em;color:#996800;margin-right:8px;}\n.rt-5g-note span.rt-5g-ntx{font-size:15px;line-height:1.55;color:#3a3322;}\n.rt-5g-table-wrap{overflow-x:auto;border:1px solid #e4e9f2;border-radius:10px;margin:28px 0;}\n.rt-5g-table{width:100%;border-collapse:collapse;font-size:14.5px;min-width:480px;}\n.rt-5g-table th{background:#0f1625;color:#fff;text-align:left;padding:13px 17px;font-family:'JetBrains Mono',monospace;font-size:11.5px;text-transform:uppercase;letter-spacing:.1em;font-weight:500;}\n.rt-5g-table td{padding:13px 17px;color:#34405a;border-bottom:1px solid #eef1f7;}\n.rt-5g-table tr:nth-child(even) td{background:#f8fafd;}\n.rt-5g-table tr:last-child td{border-bottom:none;}\n.rt-5g-table td:first-child{font-weight:600;color:#13203a;}\n.rt-5g-quote{margin:40px auto;padding:26px 24px;text-align:center;border-top:1px solid #1F6FEB;border-bottom:1px solid #1F6FEB;max-width:660px;position:relative;}\n.rt-5g-quote .rt-5g-qm{position:absolute;top:-22px;left:50%;transform:translateX(-50%);background:#fff;padding:0 14px;font-size:50px;line-height:1;color:#1F6FEB;font-family:'Space Grotesk',serif;}\n.rt-5g-quote blockquote{margin:0;font-family:'Space Grotesk',sans-serif;font-size:23px;line-height:1.42;font-style:italic;color:#13203a;letter-spacing:-0.01em;}\n.rt-5g-retain{background:#0f1625;color:#e8eefb;border-radius:14px;padding:26px 28px;margin:40px 0;}\n.rt-5g-retain .rt-5g-rlab{font-family:'JetBrains Mono',monospace;font-size:12px;font-weight:500;text-transform:uppercase;letter-spacing:.14em;color:#5fa8ff;display:block;margin-bottom:14px;}\n.rt-5g-retain ul{margin:0;padding:0;list-style:none;display:grid;gap:11px;}\n.rt-5g-retain li{display:flex;gap:11px;align-items:flex-start;font-size:15.5px;line-height:1.5;color:#e8eefb!important;}\n.rt-5g-retain li::before{content:\"\u2713\";color:#5fa8ff;font-weight:700;flex:0 0 auto;}\n.rt-5g-retain strong,.rt-5g-retain b{color:#fff!important;}\n.rt-5g-faq{margin:34px 0;}\n.rt-5g-faq .rt-5g-fh{font-family:'Space Grotesk',sans-serif;font-size:clamp(22px,2.6vw,27px);font-weight:700;color:#0f1625;margin:0 0 16px;letter-spacing:-0.02em;}\n.rt-5g-faq details{border-bottom:1px solid #e1e6f0;}\n.rt-5g-faq summary{cursor:pointer;padding:16px 0;font-family:'Space Grotesk',sans-serif;font-size:17px;font-weight:600;color:#13203a;list-style:none;display:flex;justify-content:space-between;gap:14px;align-items:center;}\n.rt-5g-faq summary::-webkit-details-marker{display:none;}\n.rt-5g-faq summary::after{content:\"+\";font-size:24px;font-weight:400;color:#1F6FEB;line-height:1;flex:0 0 auto;}\n.rt-5g-faq details[open] summary::after{content:\"\u2013\";}\n.rt-5g-faq .rt-5g-fa{padding:0 0 18px;font-size:15.5px;line-height:1.7;color:#4a566e;}\n<\/style>\n<div class=\"rt-5g-wrap\">\n<span class=\"rt-5g-kicker\">Connectivit\u00e9 \u00b7 R\u00e9seaux mobiles<\/span>\n<div class=\"rt-5g-lead\">D\u00e9bits jusqu&rsquo;\u00e0 100 fois sup\u00e9rieurs \u00e0 la 4G, latence de quelques millisecondes, connexion de milliers d&rsquo;appareils en simultan\u00e9 : la 5G promet de remodeler la m\u00e9decine, les transports et nos loisirs. Mais est-elle vraiment pr\u00eate \u00e0 entrer dans notre quotidien&nbsp;?<\/div>\n<div class=\"rt-5g-brief\">\n  <span class=\"rt-5g-blabel\">\u26a1 En bref<\/span>\n  <div class=\"rt-5g-answer\">La 5G est <strong>techniquement pr\u00eate et d\u00e9j\u00e0 commercialis\u00e9e en France depuis 2020<\/strong>, avec des d\u00e9bits annonc\u00e9s jusqu&rsquo;\u00e0 10&nbsp;Gbps et une latence sous la milliseconde. Mais son adoption reste frein\u00e9e par une couverture in\u00e9gale, des questions de s\u00e9curit\u00e9, de sant\u00e9 et d&rsquo;environnement, et une fracture num\u00e9rique entre villes et campagnes.<\/div>\n  <ul>\n    <li>Jusqu&rsquo;\u00e0 <strong>100 fois plus rapide<\/strong> que la 4G et une latence inf\u00e9rieure \u00e0 1&nbsp;milliseconde.<\/li>\n    <li>Catalyseur de l&rsquo;IoT, des voitures autonomes, de la t\u00e9l\u00e9m\u00e9decine et de l&rsquo;industrie connect\u00e9e.<\/li>\n    <li>D\u00e9ploiement progressif en France (NSA puis SA), encore en retrait face \u00e0 la Cor\u00e9e du Sud ou la Chine.<\/li>\n    <li>D\u00e9fis ouverts&nbsp;: cybers\u00e9curit\u00e9, ondes \u00e9lectromagn\u00e9tiques, empreinte carbone, acc\u00e8s rural.<\/li>\n  <\/ul>\n<\/div>\n<p>Depuis son annonce, la <strong>5G<\/strong> suscite un int\u00e9r\u00eat et des attentes \u00e9normes. Cette nouvelle norme de t\u00e9l\u00e9communication promet d&rsquo;apporter des \u00e9volutions majeures dans notre quotidien, allant bien au-del\u00e0 des simples am\u00e9liorations de vitesse. En effet, avec des d\u00e9bits de donn\u00e9es jusqu&rsquo;\u00e0 <strong>100 fois sup\u00e9rieurs<\/strong> \u00e0 ceux de la 4G, une latence r\u00e9duite \u00e0 quelques millisecondes, et la capacit\u00e9 de connecter un nombre incalculable d&rsquo;appareils simultan\u00e9ment, la <strong>5G<\/strong> pourrait transformer des domaines cl\u00e9s tels que la <strong>m\u00e9decine<\/strong>, les <strong>transports<\/strong> et m\u00eame nos <strong>habitudes de loisirs<\/strong>.<\/p>\n<p>Mais la question demeure : est-elle r\u00e9ellement pr\u00eate \u00e0 s&rsquo;imposer dans notre quotidien ? Cet article explore les enjeux et les opportunit\u00e9s qu&rsquo;apporte cette technologie, tout en \u00e9valuant les d\u00e9fis qui l&rsquo;accompagnent. Comprendre ces \u00e9l\u00e9ments est essentiel non seulement pour les professionnels du secteur, mais aussi pour chacun d&rsquo;entre nous qui, au c\u0153ur de cette r\u00e9volution, devra naviguer vers un avenir connect\u00e9 et innovant.<\/p>\n<h2>De la 2G \u00e0 la 5G : une \u00e9volution acc\u00e9l\u00e9r\u00e9e<\/h2>\n<p>Les technologies de <strong>t\u00e9l\u00e9communication<\/strong> en France ont connu une <strong>\u00e9volution significative<\/strong> au cours des deux derni\u00e8res d\u00e9cennies. Avec l&rsquo;essor d&rsquo;Internet et des appareils mobiles, le passage de la <strong>2G<\/strong> \u00e0 la <strong>3G<\/strong>, puis \u00e0 la <strong>4G<\/strong> a profond\u00e9ment transform\u00e9 le paysage num\u00e9rique. La <strong>4G<\/strong>, lanc\u00e9e en France en 2013, a permis des vitesses de connexion nettement am\u00e9lior\u00e9es, facilitant l&rsquo;acc\u00e8s aux applications gourmandes en bande passante, telles que le streaming vid\u00e9o en haute d\u00e9finition et les jeux en ligne.<\/p>\n<p>Cette transition vers la <strong>4G<\/strong> a pos\u00e9 les bases n\u00e9cessaires pour l&rsquo;\u00e9mergence de la <strong>5G<\/strong>, qui a \u00e9t\u00e9 commercialis\u00e9e en France \u00e0 partir de 2020. La <strong>5G<\/strong> repr\u00e9sente non seulement une avanc\u00e9e technologique majeure, mais \u00e9galement une r\u00e9ponse aux besoins croissants en mati\u00e8re de <strong>connectivit\u00e9<\/strong>, permettant de supporter un nombre d&rsquo;appareils largement sup\u00e9rieur et d&rsquo;optimiser la congestion des r\u00e9seaux.<\/p>\n<h2>Les enjeux et opportunit\u00e9s de la 5G<\/h2>\n<p>La <strong>5G<\/strong> est per\u00e7ue comme une avanc\u00e9e cruciale pour plusieurs raisons. Tout d&rsquo;abord, elle promet des <strong>vitesses de connexion<\/strong> pouvant atteindre jusqu&rsquo;\u00e0 10 Gbps, soit jusqu&rsquo;\u00e0 100 fois plus rapides que la <strong>4G<\/strong>. Cette augmentation de la vitesse permet des applications qui \u00e9taient jusqu&rsquo;alors impossibles, comme la <strong>r\u00e9alit\u00e9 augment\u00e9e<\/strong> et la <strong>r\u00e9alit\u00e9 virtuelle<\/strong> en temps r\u00e9el.<\/p>\n<div class=\"rt-5g-stats\">\n  <div class=\"rt-5g-stat\"><div class=\"rt-5g-num\">10 Gbps<\/div><div class=\"rt-5g-lab\">d\u00e9bit de pointe annonc\u00e9<\/div><\/div>\n  <div class=\"rt-5g-stat\"><div class=\"rt-5g-num rt-5g-hl\">&lt;1 ms<\/div><div class=\"rt-5g-lab\">latence vis\u00e9e<\/div><\/div>\n  <div class=\"rt-5g-stat\"><div class=\"rt-5g-num\">\u00d7100<\/div><div class=\"rt-5g-lab\">plus rapide que la 4G<\/div><\/div>\n<\/div>\n<p>Ensuite, la <strong>latence<\/strong> de la <strong>5G<\/strong> est consid\u00e9rablement r\u00e9duite, avec des d\u00e9lais de r\u00e9ponse inf\u00e9rieurs \u00e0 1 milliseconde. Cela est crucial pour des applications comme les voitures autonomes, o\u00f9 la r\u00e9activit\u00e9 instantan\u00e9e est essentielle pour garantir la s\u00e9curit\u00e9 sur la route.<\/p>\n<p>De plus, la <strong>5G<\/strong> ouvre la voie \u00e0 des innovations telles que l&rsquo;Internet des Objets (<strong>IoT<\/strong>), permettant la connexion d&rsquo;un grand nombre de dispositifs et facilitant la mise en place de villes intelligentes et de r\u00e9seaux industriels avanc\u00e9s. Cela va transformer non seulement la fa\u00e7on dont nous interagissons avec la technologie, mais aussi comment les entreprises et les administrations publiques g\u00e8rent les ressources.<\/p>\n<p>Enfin, la <strong>5G<\/strong> repr\u00e9sente une opportunit\u00e9 de redynamiser l&rsquo;\u00e9conomie fran\u00e7aise. Elle fournit les bases n\u00e9cessaires pour un <strong>d\u00e9veloppement num\u00e9rique<\/strong> plus inclusif et durable, en permettant \u00e0 des secteurs vari\u00e9s tels que la sant\u00e9, l&rsquo;agriculture et les transports de b\u00e9n\u00e9ficier d&rsquo;une connectivit\u00e9 accrue.<\/p>\n<p>La technologie <strong>5G<\/strong> se positionne comme une avanc\u00e9e majeure dans le domaine des communications num\u00e9riques, offrant des b\u00e9n\u00e9fices significatifs par rapport \u00e0 ses pr\u00e9d\u00e9cesseurs. Voici ses principaux atouts :<\/p>\n<div class=\"rt-5g-grid\">\n  <div class=\"rt-5g-card\"><div class=\"rt-5g-ct\">Vitesse de t\u00e9l\u00e9chargement accrue<\/div><div class=\"rt-5g-cd\">La 5G permet des vitesses de donn\u00e9es jusqu&rsquo;\u00e0 <strong>dix fois plus rapides<\/strong> que la 4G, pour un t\u00e9l\u00e9chargement quasi instantan\u00e9 de contenus haute d\u00e9finition.<\/div><\/div>\n  <div class=\"rt-5g-card\"><div class=\"rt-5g-ct\">Latence r\u00e9duite<\/div><div class=\"rt-5g-cd\">Le temps d&rsquo;attente pour la transmission des donn\u00e9es est consid\u00e9rablement diminu\u00e9, am\u00e9liorant la navigation en ligne et les transactions en temps r\u00e9el.<\/div><\/div>\n  <div class=\"rt-5g-card\"><div class=\"rt-5g-ct\">Capacit\u00e9 de connexion am\u00e9lior\u00e9e<\/div><div class=\"rt-5g-cd\">La 5G supporte un nombre bien plus \u00e9lev\u00e9 de dispositifs connect\u00e9s simultan\u00e9ment, facilitant le d\u00e9ploiement d&rsquo;objets connect\u00e9s dans tous les environnements.<\/div><\/div>\n<\/div>\n<h2>Impact dans le Secteur du Divertissement<\/h2>\n<p>Dans le domaine du <strong>divertissement<\/strong>, la 5G va transformer la mani\u00e8re dont les contenus sont consomm\u00e9s. Avec une <strong>meilleure qualit\u00e9 de streaming<\/strong>, les utilisateurs pourront profiter de vid\u00e9os en <strong>4K<\/strong> ou m\u00eame en <strong>8K<\/strong> sans buffers. De plus, le d\u00e9veloppement de la <strong>r\u00e9alit\u00e9 virtuelle<\/strong> et augment\u00e9e sera facilit\u00e9, permettant des exp\u00e9riences immersives in\u00e9gal\u00e9es.<\/p>\n<h2>R\u00e9volution dans le Secteur de la Sant\u00e9<\/h2>\n<p>La 5G ouvre la voie \u00e0 une r\u00e9volution dans le secteur de la <strong>sant\u00e9<\/strong>. Les professionnels de sant\u00e9 pourront tirer parti de la t\u00e9l\u00e9m\u00e9decine en temps r\u00e9el, gr\u00e2ce \u00e0 la transmission instantan\u00e9e de donn\u00e9es m\u00e9dicales. Cela permettra des <strong>interventions chirurgicales \u00e0 distance<\/strong> ainsi que le suivi \u00e0 domicile des patients, rendant les soins de sant\u00e9 plus accessibles et efficaces.<\/p>\n<h2>Avanc\u00e9es dans l&rsquo;Industrie<\/h2>\n<p>Dans le milieu de l&rsquo;<strong>industrie<\/strong>, la 5G va catalyser une v\u00e9ritable transformation des processus de production. L&rsquo;Internet des Objets (IoT) sera amplifi\u00e9, avec des machines et des \u00e9quipements connect\u00e9s pouvant communiquer et s&rsquo;auto-r\u00e9guler. Cela am\u00e9liorera l&rsquo;<strong>efficacit\u00e9 \u00e9nerg\u00e9tique<\/strong> et optimisera la cha\u00eene de production, tout en permettant des <strong>analyses de donn\u00e9es en temps r\u00e9el<\/strong>.<\/p>\n<p>En somme, la 5G n&rsquo;est pas juste une am\u00e9lioration technologique, elle est porteuse de promesses pour transformer notre quotidien dans divers secteurs cl\u00e9s.<\/p>\n<h2>Les d\u00e9fis et pr\u00e9occupations \u00e0 surmonter<\/h2>\n<p>La <strong>5G<\/strong>, bien que prometteuse, soul\u00e8ve de nombreux d\u00e9fis qui m\u00e9ritent d&rsquo;\u00eatre examin\u00e9s de pr\u00e8s. Parmi ces enjeux, la <strong>s\u00e9curit\u00e9<\/strong> est au premier plan. Avec l&rsquo;augmentation du nombre de dispositifs connect\u00e9s, la surface d&rsquo;attaque pour les cybercriminels se multiplie. Les <strong>r\u00e9seaux<\/strong> 5G doivent donc int\u00e9grer des mesures de protection robustes pour garantir l&rsquo;int\u00e9grit\u00e9 des donn\u00e9es et la confidentialit\u00e9 des utilisateurs.<\/p>\n<p>Une autre pr\u00e9occupation majeure est celle de la <strong>sant\u00e9 publique<\/strong>. Les critiques de la 5G soulignent les incertitudes quant \u00e0 l&rsquo;impact des <strong>radiations<\/strong> \u00e9lectromagn\u00e9tiques sur la sant\u00e9 humaine. Alors que certaines \u00e9tudes n&rsquo;ont pas trouv\u00e9 de lien direct entre l&rsquo;exposition aux ondes 5G et des probl\u00e8mes de sant\u00e9, d&rsquo;autres soutiennent qu&rsquo;il est essentiel de poursuivre des recherches approfondies pour \u00e9valuer les effets \u00e0 long terme.<\/p>\n<div class=\"rt-5g-note\"><span class=\"rt-5g-nlab\">\u26a0\ufe0f \u00c0 nuancer<\/span><span class=\"rt-5g-ntx\">Les avis divergent sur les effets sanitaires \u00e0 long terme des ondes : en l&rsquo;\u00e9tat des \u00e9tudes cit\u00e9es, aucun lien direct n&rsquo;est \u00e9tabli, mais le sujet reste ouvert et fait l&rsquo;objet de recherches continues.<\/span><\/div>\n<p>En ce qui concerne les questions environnementales, la mise en \u0153uvre de la 5G exige des infrastructures suppl\u00e9mentaires, telles que des antennes et des stations de base. L&rsquo;<strong>empreinte carbone<\/strong> li\u00e9e \u00e0 la fabrication, au d\u00e9ploiement et \u00e0 la maintenance de ces installations pourrait poser des risques pour le climat. De plus, l&rsquo;extraction des mat\u00e9riaux n\u00e9cessaires \u00e0 la construction de ces technologies soul\u00e8ve des pr\u00e9occupations sur la <strong>durabilit\u00e9<\/strong> et la pr\u00e9servation des ressources naturelles.<\/p>\n<p>Enfin, la <strong>disparit\u00e9 num\u00e9rique<\/strong> est un d\u00e9fi \u00e0 ne pas n\u00e9gliger. L&rsquo;acc\u00e8s \u00e0 la 5G risque d&rsquo;\u00eatre in\u00e9gal, exacerbant ainsi les in\u00e9galit\u00e9s entre les zones urbaines et rurales. Cette fracture num\u00e9rique pourrait limiter les opportunit\u00e9s qu&rsquo;offre la technologie \u00e0 certaines populations.<\/p>\n<h2>Comparaison de l&rsquo;avancement de la 5G en France et \u00e0 l&rsquo;international<\/h2>\n<p>Depuis son arriv\u00e9e en <strong>France<\/strong> en 2020, la <strong>5G<\/strong> a suscit\u00e9 des attentes consid\u00e9rables en mati\u00e8re d&rsquo;innovation et de transformation des services num\u00e9riques. Cependant, l&rsquo;avancement du d\u00e9ploiement de la 5G en France est souvent compar\u00e9 \u00e0 celui d&rsquo;autres pays, o\u00f9 la <strong>technologie<\/strong> est d\u00e9j\u00e0 bien \u00e9tablie.<\/p>\n<h3>Un d\u00e9ploiement progressif en France<\/h3>\n<p>La France a entam\u00e9 son d\u00e9ploiement de la 5G avec des installations d&rsquo;antennes <strong>NSA<\/strong> (Non Stand Alone) et a progressivement int\u00e9gr\u00e9 des solutions <strong>SA<\/strong> (Stand Alone). Bien que l&rsquo;utilisation de la 5G sur les appareils mobiles ait augment\u00e9, le taux de couverture reste limit\u00e9 par rapport \u00e0 des pays comme la <strong>Cor\u00e9e du Sud<\/strong>, qui a adopt\u00e9 la 5G de mani\u00e8re beaucoup plus rapide, atteignant une couverture nationale en un temps record.<\/p>\n<h3>Le\u00e7ons tir\u00e9es d&rsquo;autres pays<\/h3>\n<p>En examinant des nations telles que les \u00c9tats-Unis et la <strong>Chine<\/strong>, on observe qu&rsquo;un soutien gouvernemental fort et des investissements massifs dans les infrastructures <strong>t\u00e9l\u00e9coms<\/strong> ont \u00e9t\u00e9 des facteurs cruciaux pour le succ\u00e8s de la 5G. Par exemple, la <strong>Chine<\/strong> a r\u00e9ussi \u00e0 d\u00e9ployer des millions d&rsquo;antennes 5G en seulement quelques ann\u00e9es, tandis qu&rsquo;aux \u00c9tats-Unis, la comp\u00e9tition entre op\u00e9rateurs a stimul\u00e9 l&rsquo;ensemble du processus.<\/p>\n<h3>Facteurs de r\u00e9ussite<\/h3>\n<p>Les <strong>le\u00e7ons<\/strong> clefs \u00e0 tirer de ces march\u00e9s tiennent en trois points :<\/p>\n<div class=\"rt-5g-grid\">\n  <div class=\"rt-5g-card\"><div class=\"rt-5g-ct\">Planification strat\u00e9gique<\/div><div class=\"rt-5g-cd\">Cadrer le d\u00e9ploiement pour assurer une couverture optimale, et non une expansion d\u00e9sordonn\u00e9e.<\/div><\/div>\n  <div class=\"rt-5g-card\"><div class=\"rt-5g-ct\">Cadre r\u00e9glementaire flexible<\/div><div class=\"rt-5g-cd\">Un environnement qui favorise l&rsquo;innovation et acc\u00e9l\u00e8re l&rsquo;installation des infrastructures.<\/div><\/div>\n  <div class=\"rt-5g-card\"><div class=\"rt-5g-ct\">Partenariats public-priv\u00e9<\/div><div class=\"rt-5g-cd\">Des alliances qui facilitent les investissements n\u00e9cessaires \u00e0 l&rsquo;expansion des r\u00e9seaux.<\/div><\/div>\n<\/div>\n<h3>Impact de la 5G sur l&rsquo;\u00e9conomie<\/h3>\n<p>Le d\u00e9veloppement rapide de la 5G dans d&rsquo;autres nations montre \u00e9galement son potentiel \u00e0 g\u00e9n\u00e9rer des b\u00e9n\u00e9fices \u00e9conomiques consid\u00e9rables. En favorisant \u00e0 la fois <strong>l&rsquo;industrie<\/strong> et les <strong>services<\/strong>, la 5G permet de cr\u00e9er des opportunit\u00e9s d&rsquo;affaires nouvelles et d&rsquo;am\u00e9liorer la <strong>productivit\u00e9<\/strong>.<\/p>\n<figure class='wp-block-image size-full'>\n<img width=\"1344\" height=\"768\" src=\"https:\/\/randietech.com\/blog\/wp-content\/uploads\/2024\/12\/La-5G-est-elle-enfin-prete-a-revolutionner-nos-usages-.png\" class=\"attachment-full size-full\" alt=\"d\u00e9couvrez comment la 5g pourrait transformer nos modes de vie et de communication. cet article explore les enjeux, les avanc\u00e9es technologiques et les impacts potentiels de la 5g sur notre quotidien.\" decoding=\"async\" loading=\"lazy\" \/>\n<\/figure>\n<h2>France ou ailleurs : o\u00f9 en est le d\u00e9ploiement ?<\/h2>\n<div class=\"rt-5g-table-wrap\">\n<table class=\"rt-5g-table\">\n<thead><tr><th>Pays \/ zone<\/th><th>Approche du d\u00e9ploiement<\/th><th>Rythme<\/th><\/tr><\/thead>\n<tbody>\n<tr><td>France<\/td><td>Antennes NSA puis bascule progressive vers le SA<\/td><td>Progressif<\/td><\/tr>\n<tr><td>Cor\u00e9e du Sud<\/td><td>Couverture nationale vis\u00e9e tr\u00e8s t\u00f4t<\/td><td>Tr\u00e8s rapide<\/td><\/tr>\n<tr><td>Chine<\/td><td>Soutien public massif, millions d&rsquo;antennes<\/td><td>Rapide<\/td><\/tr>\n<tr><td>\u00c9tats-Unis<\/td><td>Concurrence entre op\u00e9rateurs comme moteur<\/td><td>Rapide<\/td><\/tr>\n<\/tbody>\n<\/table>\n<\/div>\n<h2>Une technologie pr\u00eate, une adoption en chantier<\/h2>\n<p>La <strong>5G<\/strong>, avec ses vitesses de connexion incroyablement \u00e9lev\u00e9es et sa capacit\u00e9 \u00e0 g\u00e9rer un nombre consid\u00e9rable d&rsquo;appareils, est sur le point de transformer notre quotidien. Les avanc\u00e9es technologiques qu&rsquo;elle promet, telles que des temps de latence r\u00e9duits et une connectivit\u00e9 am\u00e9lior\u00e9e, ouvrent la voie \u00e0 des applications innovantes.<\/p>\n<p>Dans le domaine des <strong>t\u00e9l\u00e9communications<\/strong>, la 5G permettra une meilleure exp\u00e9rience utilisateur gr\u00e2ce \u00e0 sa capacit\u00e9 \u00e0 supporter des flux de donn\u00e9es massifs. Des secteurs entiers, tels que la <strong>t\u00e9l\u00e9m\u00e9decine<\/strong>, la <strong>r\u00e9alit\u00e9 augment\u00e9e<\/strong> et l&rsquo;<strong>Internet des objets<\/strong>, en b\u00e9n\u00e9ficieront. Avec la 5G, les voitures connect\u00e9es pourront communiquer en temps r\u00e9el avec leur environnement, rendant ainsi notre transport plus s\u00fbr et efficace.<\/p>\n<div class=\"rt-5g-quote\">\n  <div class=\"rt-5g-qm\">\u00ab<\/div>\n  <blockquote>La 5G n&rsquo;est pas qu&rsquo;une question de vitesse : c&rsquo;est l&rsquo;infrastructure d&rsquo;un monde o\u00f9 les objets dialoguent entre eux en temps r\u00e9el.<\/blockquote>\n<\/div>\n<p>La question de la <strong>couverture<\/strong> et de l&rsquo;<strong>accessibilit\u00e9<\/strong> reste primordiale. Bien que de nombreux pays investissent dans le d\u00e9ploiement de la 5G, les disparit\u00e9s entre zones urbaines et rurales persistent. L&rsquo;enjeu sera \u00e9galement de rassurer les utilisateurs concernant les inqui\u00e9tudes li\u00e9es \u00e0 la <strong>sant\u00e9<\/strong> et \u00e0 la <strong>s\u00e9curit\u00e9 des donn\u00e9es<\/strong>.<\/p>\n<p>\u00c0 l&rsquo;avenir, l&rsquo;impact de la 5G sur notre mani\u00e8re de vivre et de travailler pourrait \u00eatre sans pr\u00e9c\u00e9dent. Si les d\u00e9fis sont relev\u00e9s, la <strong>5G<\/strong> a le potentiel de red\u00e9finir la <strong>connectivit\u00e9<\/strong> et d&rsquo;ouvrir la porte \u00e0 des innovations qui n&rsquo;ont m\u00eame pas encore \u00e9t\u00e9 imagin\u00e9es. Nous pouvons nous attendre \u00e0 un monde o\u00f9 nos appareils seront non seulement interconnect\u00e9s, mais \u00e9galement capables d&rsquo;interagir d&rsquo;une mani\u00e8re encore plus intelligente et intuitive.<\/p>\n<div class=\"rt-5g-retain\">\n  <span class=\"rt-5g-rlab\">\ud83c\udfaf \u00c0 retenir<\/span>\n  <ul>\n    <li>La 5G est <strong>d\u00e9j\u00e0 commercialis\u00e9e en France depuis 2020<\/strong> : techniquement pr\u00eate, elle est d\u00e9sormais en phase d&rsquo;adoption.<\/li>\n    <li>Ses promesses cl\u00e9s : <strong>d\u00e9bit \u00d7100 vs 4G<\/strong>, latence sous la milliseconde, connexion massive d&rsquo;objets.<\/li>\n    <li>Elle ouvre des usages concrets en sant\u00e9, industrie, transport autonome et divertissement immersif.<\/li>\n    <li>Son d\u00e9ploiement fran\u00e7ais reste <strong>progressif<\/strong>, en retrait face \u00e0 la Cor\u00e9e du Sud, la Chine ou les \u00c9tats-Unis.<\/li>\n    <li>Quatre d\u00e9fis conditionnent son avenir : <strong>s\u00e9curit\u00e9, sant\u00e9, environnement et fracture num\u00e9rique<\/strong>.<\/li>\n  <\/ul>\n<\/div>\n<section class=\"rt-5g-faq\">\n  <h2 class=\"rt-5g-fh\">Questions fr\u00e9quentes<\/h2>\n  <details>\n    <summary>La 5G est-elle vraiment plus rapide que la 4G ?<\/summary>\n    <div class=\"rt-5g-fa\">Oui. La 5G annonce des d\u00e9bits pouvant atteindre 10&nbsp;Gbps, soit jusqu&rsquo;\u00e0 100 fois plus rapides que la 4G dans les conditions optimales, avec une latence r\u00e9duite \u00e0 moins d&rsquo;une milliseconde.<\/div>\n  <\/details>\n  <details>\n    <summary>Depuis quand la 5G est-elle disponible en France ?<\/summary>\n    <div class=\"rt-5g-fa\">La 5G est commercialis\u00e9e en France depuis 2020. Le d\u00e9ploiement a d\u00e9but\u00e9 avec des antennes NSA (Non Stand Alone) avant d&rsquo;int\u00e9grer progressivement des solutions SA (Stand Alone).<\/div>\n  <\/details>\n  <details>\n    <summary>Les ondes 5G pr\u00e9sentent-elles un risque pour la sant\u00e9 ?<\/summary>\n    <div class=\"rt-5g-fa\">Le sujet fait d\u00e9bat. Certaines \u00e9tudes n&rsquo;\u00e9tablissent pas de lien direct entre l&rsquo;exposition aux ondes 5G et des probl\u00e8mes de sant\u00e9, tandis que d&rsquo;autres appellent \u00e0 poursuivre les recherches pour \u00e9valuer d&rsquo;\u00e9ventuels effets \u00e0 long terme.<\/div>\n  <\/details>\n  <details>\n    <summary>Pourquoi la France est-elle en retard sur la Cor\u00e9e du Sud ou la Chine ?<\/summary>\n    <div class=\"rt-5g-fa\">Ces pays ont b\u00e9n\u00e9fici\u00e9 d&rsquo;un soutien gouvernemental fort et d&rsquo;investissements massifs dans les infrastructures t\u00e9l\u00e9coms. La Chine a d\u00e9ploy\u00e9 des millions d&rsquo;antennes en quelques ann\u00e9es, l\u00e0 o\u00f9 la France avance de fa\u00e7on plus progressive.<\/div>\n  <\/details>\n  <details>\n    <summary>Quels secteurs profiteront le plus de la 5G ?<\/summary>\n    <div class=\"rt-5g-fa\">La sant\u00e9 (t\u00e9l\u00e9m\u00e9decine, chirurgie \u00e0 distance), l&rsquo;industrie (IoT, machines auto-r\u00e9gul\u00e9es), les transports (voitures connect\u00e9es) et le divertissement (streaming 4K\/8K, r\u00e9alit\u00e9 virtuelle et augment\u00e9e) figurent parmi les premiers b\u00e9n\u00e9ficiaires.<\/div>\n  <\/details>\n<\/section>\n<\/div>\n\n\n<figure class=\"wp-block-embed is-type-video is-provider-youtube wp-block-embed-youtube wp-embed-aspect-16-9 wp-has-aspect-ratio\">\n<div class=\"wp-block-embed__wrapper\">\n<iframe loading=\"lazy\" title=\"5G,  on vous dit tout ! Fonctionnement, int\u00e9r\u00eats, cas d&#039;usages...\" width=\"1200\" height=\"675\" src=\"https:\/\/www.youtube.com\/embed\/KopkKrSWZCY?feature=oembed\" frameborder=\"0\" allow=\"accelerometer; autoplay; clipboard-write; encrypted-media; gyroscope; picture-in-picture; web-share\" referrerpolicy=\"strict-origin-when-cross-origin\" allowfullscreen><\/iframe>\n<\/div>\n<\/figure>\n\n","protected":false},"excerpt":{"rendered":"","protected":false},"author":34,"featured_media":7240,"comment_status":"open","ping_status":"open","sticky":false,"template":"","format":"standard","meta":{"_acf_changed":false,"manual_indexmenow":false,"indexmenow_id_project":0,"footnotes":""},"categories":[4522],"tags":[],"class_list":["post-7239","post","type-post","status-publish","format-standard","has-post-thumbnail","hentry","category-innovations-et-tendances","generate-columns","tablet-grid-50","mobile-grid-100","grid-parent","grid-25"],"acf":[],"yoast_head":"<!-- This site is optimized with the Yoast SEO Premium plugin v21.3 (Yoast SEO v26.5) - https:\/\/yoast.com\/wordpress\/plugins\/seo\/ -->\n<title>G : Pr\u00eate \u00e0 Transformez Nos Usages Quotidiens ?<\/title>\n<meta name=\"description\" content=\"Depuis son annonce, la 5G suscite un int\u00e9r\u00eat et des attentes \u00e9normes. Cette nouvelle norme de t\u00e9l\u00e9communication promet d&#039;apporter des \u00e9volutions majeures\" \/>\n<meta name=\"robots\" content=\"index, follow, max-snippet:-1, max-image-preview:large, max-video-preview:-1\" \/>\n<link rel=\"canonical\" href=\"https:\/\/randietech.com\/blog\/innovations-et-tendances\/la-5g-est-elle-enfin-prete-a-revolutionner-nos-usages\/\" \/>\n<meta property=\"og:locale\" content=\"fr_FR\" \/>\n<meta property=\"og:type\" content=\"article\" \/>\n<meta property=\"og:title\" content=\"G : Pr\u00eate \u00e0 Transformez Nos Usages Quotidiens ?\" \/>\n<meta property=\"og:description\" content=\"Depuis son annonce, la 5G suscite un int\u00e9r\u00eat et des attentes \u00e9normes. Cette nouvelle norme de t\u00e9l\u00e9communication promet d&#039;apporter des \u00e9volutions majeures\" \/>\n<meta property=\"og:url\" content=\"https:\/\/randietech.com\/blog\/innovations-et-tendances\/la-5g-est-elle-enfin-prete-a-revolutionner-nos-usages\/\" \/>\n<meta property=\"og:site_name\" content=\"randietech\" \/>\n<meta property=\"og:image\" content=\"https:\/\/randietech.com\/blog\/wp-content\/uploads\/2024\/12\/La-5G-est-elle-enfin-prete-a-revolutionner-nos-usages-1-1.png\" \/>\n\t<meta property=\"og:image:width\" content=\"1344\" \/>\n\t<meta property=\"og:image:height\" content=\"768\" \/>\n\t<meta property=\"og:image:type\" content=\"image\/png\" \/>\n<meta name=\"author\" content=\"Clara Nizard\" \/>\n<meta name=\"twitter:card\" content=\"summary_large_image\" \/>\n<script type=\"application\/ld+json\" class=\"yoast-schema-graph\">{\"@context\":\"https:\/\/schema.org\",\"@graph\":[{\"@type\":\"NewsArticle\",\"@id\":\"https:\/\/randietech.com\/blog\/innovations-et-tendances\/la-5g-est-elle-enfin-prete-a-revolutionner-nos-usages\/#article\",\"isPartOf\":{\"@id\":\"https:\/\/randietech.com\/blog\/innovations-et-tendances\/la-5g-est-elle-enfin-prete-a-revolutionner-nos-usages\/\"},\"author\":{\"name\":\"Clara Nizard\",\"@id\":\"https:\/\/randietech.com\/blog\/#\/schema\/person\/3c864cdc320801e3db34b663e7e3f816\"},\"headline\":\"La 5G est-elle enfin pr\u00eate \u00e0 r\u00e9volutionner nos usages ?\",\"datePublished\":\"2026-06-15T22:05:56+00:00\",\"mainEntityOfPage\":{\"@id\":\"https:\/\/randietech.com\/blog\/innovations-et-tendances\/la-5g-est-elle-enfin-prete-a-revolutionner-nos-usages\/\"},\"wordCount\":2512,\"commentCount\":0,\"publisher\":{\"@id\":\"https:\/\/randietech.com\/blog\/#organization\"},\"image\":{\"@id\":\"https:\/\/randietech.com\/blog\/innovations-et-tendances\/la-5g-est-elle-enfin-prete-a-revolutionner-nos-usages\/#primaryimage\"},\"thumbnailUrl\":\"https:\/\/randietech.com\/blog\/wp-content\/uploads\/2024\/12\/La-5G-est-elle-enfin-prete-a-revolutionner-nos-usages-1-1.png\",\"articleSection\":[\"Innovations et Tendances\"],\"inLanguage\":\"fr-FR\",\"potentialAction\":[{\"@type\":\"CommentAction\",\"name\":\"Comment\",\"target\":[\"https:\/\/randietech.com\/blog\/innovations-et-tendances\/la-5g-est-elle-enfin-prete-a-revolutionner-nos-usages\/#respond\"]}]},{\"@type\":\"WebPage\",\"@id\":\"https:\/\/randietech.com\/blog\/innovations-et-tendances\/la-5g-est-elle-enfin-prete-a-revolutionner-nos-usages\/\",\"url\":\"https:\/\/randietech.com\/blog\/innovations-et-tendances\/la-5g-est-elle-enfin-prete-a-revolutionner-nos-usages\/\",\"name\":\"G : Pr\u00eate \u00e0 Transformez Nos Usages Quotidiens ?\",\"isPartOf\":{\"@id\":\"https:\/\/randietech.com\/blog\/#website\"},\"primaryImageOfPage\":{\"@id\":\"https:\/\/randietech.com\/blog\/innovations-et-tendances\/la-5g-est-elle-enfin-prete-a-revolutionner-nos-usages\/#primaryimage\"},\"image\":{\"@id\":\"https:\/\/randietech.com\/blog\/innovations-et-tendances\/la-5g-est-elle-enfin-prete-a-revolutionner-nos-usages\/#primaryimage\"},\"thumbnailUrl\":\"https:\/\/randietech.com\/blog\/wp-content\/uploads\/2024\/12\/La-5G-est-elle-enfin-prete-a-revolutionner-nos-usages-1-1.png\",\"datePublished\":\"2026-06-15T22:05:56+00:00\",\"description\":\"Depuis son annonce, la 5G suscite un int\u00e9r\u00eat et des attentes \u00e9normes. Cette nouvelle norme de t\u00e9l\u00e9communication promet d'apporter des \u00e9volutions majeures\",\"inLanguage\":\"fr-FR\",\"potentialAction\":[{\"@type\":\"ReadAction\",\"target\":[\"https:\/\/randietech.com\/blog\/innovations-et-tendances\/la-5g-est-elle-enfin-prete-a-revolutionner-nos-usages\/\"]}]},{\"@type\":\"ImageObject\",\"inLanguage\":\"fr-FR\",\"@id\":\"https:\/\/randietech.com\/blog\/innovations-et-tendances\/la-5g-est-elle-enfin-prete-a-revolutionner-nos-usages\/#primaryimage\",\"url\":\"https:\/\/randietech.com\/blog\/wp-content\/uploads\/2024\/12\/La-5G-est-elle-enfin-prete-a-revolutionner-nos-usages-1-1.png\",\"contentUrl\":\"https:\/\/randietech.com\/blog\/wp-content\/uploads\/2024\/12\/La-5G-est-elle-enfin-prete-a-revolutionner-nos-usages-1-1.png\",\"width\":1344,\"height\":768,\"caption\":\"d\u00e9couvrez comment la 5g est sur le point de transformer nos habitudes quotidiennes et d'impacter divers secteurs, de la communication \u00e0 l'industrie, en passant par les loisirs. la r\u00e9volution num\u00e9rique est-elle \u00e0 nos portes ?\"},{\"@type\":\"WebSite\",\"@id\":\"https:\/\/randietech.com\/blog\/#website\",\"url\":\"https:\/\/randietech.com\/blog\/\",\"name\":\"randietech.com\",\"description\":\"Plongez dans la tech de demain.\",\"publisher\":{\"@id\":\"https:\/\/randietech.com\/blog\/#organization\"},\"alternateName\":\"Plongez dans la tech de demain.\",\"potentialAction\":[{\"@type\":\"SearchAction\",\"target\":{\"@type\":\"EntryPoint\",\"urlTemplate\":\"https:\/\/randietech.com\/blog\/?s={search_term_string}\"},\"query-input\":{\"@type\":\"PropertyValueSpecification\",\"valueRequired\":true,\"valueName\":\"search_term_string\"}}],\"inLanguage\":\"fr-FR\"},{\"@type\":\"Organization\",\"@id\":\"https:\/\/randietech.com\/blog\/#organization\",\"name\":\"Foretsensations.fr\",\"url\":\"https:\/\/randietech.com\/blog\/\",\"logo\":{\"@type\":\"ImageObject\",\"inLanguage\":\"fr-FR\",\"@id\":\"https:\/\/randietech.com\/blog\/#\/schema\/logo\/image\/\",\"url\":\"https:\/\/randietech.com\/blog\/wp-content\/uploads\/2024\/12\/2.png\",\"contentUrl\":\"https:\/\/randietech.com\/blog\/wp-content\/uploads\/2024\/12\/2.png\",\"width\":500,\"height\":500,\"caption\":\"Foretsensations.fr\"},\"image\":{\"@id\":\"https:\/\/randietech.com\/blog\/#\/schema\/logo\/image\/\"}},{\"@type\":\"Person\",\"@id\":\"https:\/\/randietech.com\/blog\/#\/schema\/person\/3c864cdc320801e3db34b663e7e3f816\",\"name\":\"Clara Nizard\",\"image\":{\"@type\":\"ImageObject\",\"inLanguage\":\"fr-FR\",\"@id\":\"https:\/\/randietech.com\/blog\/#\/schema\/person\/image\/\",\"url\":\"https:\/\/randietech.com\/blog\/wp-content\/uploads\/2026\/06\/persona_clara-n-96x96.jpg\",\"contentUrl\":\"https:\/\/randietech.com\/blog\/wp-content\/uploads\/2026\/06\/persona_clara-n-96x96.jpg\",\"caption\":\"Clara Nizard\"},\"description\":\"Je suis sp\u00e9cialis\u00e9e dans le mobile et l'\u00e9cosyst\u00e8me num\u00e9rique : smartphones, r\u00e9paration, applications et tendances du web. Mon parcours m\u00eale veille technologique et r\u00e9daction depuis plusieurs ann\u00e9es, avec un faible pour les sujets pratiques \u2014 prolonger la vie de son t\u00e9l\u00e9phone, bien le r\u00e9parer, choisir le bon appareil sans se ruiner. J'aborde aussi la transformation digitale du point de vue de l'utilisateur et des petites structures qui cherchent \u00e0 exister en ligne. Je travaille \u00e0 partir de tests, de fiches techniques v\u00e9rifi\u00e9es et de retours d'usage r\u00e9els, et je distingue toujours la nouveaut\u00e9 marketing de l'avanc\u00e9e utile. Mon angle : d\u00e9mystifier la high-tech pour que chacun reste ma\u00eetre de ses outils plut\u00f4t que d\u00e9pass\u00e9 par eux. J'\u00e9cris clair, court quand il le faut, d\u00e9taill\u00e9 quand le sujet l'exige.\",\"sameAs\":[\"https:\/\/claranizard.fr\/\"],\"url\":\"https:\/\/randietech.com\/blog\/auteur\/noname\/\"}]}<\/script>\n<!-- \/ Yoast SEO Premium plugin. -->","yoast_head_json":{"title":"G : Pr\u00eate \u00e0 Transformez Nos Usages Quotidiens ?","description":"Depuis son annonce, la 5G suscite un int\u00e9r\u00eat et des attentes \u00e9normes. Cette nouvelle norme de t\u00e9l\u00e9communication promet d'apporter des \u00e9volutions majeures","robots":{"index":"index","follow":"follow","max-snippet":"max-snippet:-1","max-image-preview":"max-image-preview:large","max-video-preview":"max-video-preview:-1"},"canonical":"https:\/\/randietech.com\/blog\/innovations-et-tendances\/la-5g-est-elle-enfin-prete-a-revolutionner-nos-usages\/","og_locale":"fr_FR","og_type":"article","og_title":"G : Pr\u00eate \u00e0 Transformez Nos Usages Quotidiens ?","og_description":"Depuis son annonce, la 5G suscite un int\u00e9r\u00eat et des attentes \u00e9normes. Cette nouvelle norme de t\u00e9l\u00e9communication promet d'apporter des \u00e9volutions majeures","og_url":"https:\/\/randietech.com\/blog\/innovations-et-tendances\/la-5g-est-elle-enfin-prete-a-revolutionner-nos-usages\/","og_site_name":"randietech","og_image":[{"width":1344,"height":768,"url":"https:\/\/randietech.com\/blog\/wp-content\/uploads\/2024\/12\/La-5G-est-elle-enfin-prete-a-revolutionner-nos-usages-1-1.png","type":"image\/png"}],"author":"Clara Nizard","twitter_card":"summary_large_image","schema":{"@context":"https:\/\/schema.org","@graph":[{"@type":"NewsArticle","@id":"https:\/\/randietech.com\/blog\/innovations-et-tendances\/la-5g-est-elle-enfin-prete-a-revolutionner-nos-usages\/#article","isPartOf":{"@id":"https:\/\/randietech.com\/blog\/innovations-et-tendances\/la-5g-est-elle-enfin-prete-a-revolutionner-nos-usages\/"},"author":{"name":"Clara Nizard","@id":"https:\/\/randietech.com\/blog\/#\/schema\/person\/3c864cdc320801e3db34b663e7e3f816"},"headline":"La 5G est-elle enfin pr\u00eate \u00e0 r\u00e9volutionner nos usages ?","datePublished":"2026-06-15T22:05:56+00:00","mainEntityOfPage":{"@id":"https:\/\/randietech.com\/blog\/innovations-et-tendances\/la-5g-est-elle-enfin-prete-a-revolutionner-nos-usages\/"},"wordCount":2512,"commentCount":0,"publisher":{"@id":"https:\/\/randietech.com\/blog\/#organization"},"image":{"@id":"https:\/\/randietech.com\/blog\/innovations-et-tendances\/la-5g-est-elle-enfin-prete-a-revolutionner-nos-usages\/#primaryimage"},"thumbnailUrl":"https:\/\/randietech.com\/blog\/wp-content\/uploads\/2024\/12\/La-5G-est-elle-enfin-prete-a-revolutionner-nos-usages-1-1.png","articleSection":["Innovations et Tendances"],"inLanguage":"fr-FR","potentialAction":[{"@type":"CommentAction","name":"Comment","target":["https:\/\/randietech.com\/blog\/innovations-et-tendances\/la-5g-est-elle-enfin-prete-a-revolutionner-nos-usages\/#respond"]}]},{"@type":"WebPage","@id":"https:\/\/randietech.com\/blog\/innovations-et-tendances\/la-5g-est-elle-enfin-prete-a-revolutionner-nos-usages\/","url":"https:\/\/randietech.com\/blog\/innovations-et-tendances\/la-5g-est-elle-enfin-prete-a-revolutionner-nos-usages\/","name":"G : Pr\u00eate \u00e0 Transformez Nos Usages Quotidiens ?","isPartOf":{"@id":"https:\/\/randietech.com\/blog\/#website"},"primaryImageOfPage":{"@id":"https:\/\/randietech.com\/blog\/innovations-et-tendances\/la-5g-est-elle-enfin-prete-a-revolutionner-nos-usages\/#primaryimage"},"image":{"@id":"https:\/\/randietech.com\/blog\/innovations-et-tendances\/la-5g-est-elle-enfin-prete-a-revolutionner-nos-usages\/#primaryimage"},"thumbnailUrl":"https:\/\/randietech.com\/blog\/wp-content\/uploads\/2024\/12\/La-5G-est-elle-enfin-prete-a-revolutionner-nos-usages-1-1.png","datePublished":"2026-06-15T22:05:56+00:00","description":"Depuis son annonce, la 5G suscite un int\u00e9r\u00eat et des attentes \u00e9normes. Cette nouvelle norme de t\u00e9l\u00e9communication promet d'apporter des \u00e9volutions majeures","inLanguage":"fr-FR","potentialAction":[{"@type":"ReadAction","target":["https:\/\/randietech.com\/blog\/innovations-et-tendances\/la-5g-est-elle-enfin-prete-a-revolutionner-nos-usages\/"]}]},{"@type":"ImageObject","inLanguage":"fr-FR","@id":"https:\/\/randietech.com\/blog\/innovations-et-tendances\/la-5g-est-elle-enfin-prete-a-revolutionner-nos-usages\/#primaryimage","url":"https:\/\/randietech.com\/blog\/wp-content\/uploads\/2024\/12\/La-5G-est-elle-enfin-prete-a-revolutionner-nos-usages-1-1.png","contentUrl":"https:\/\/randietech.com\/blog\/wp-content\/uploads\/2024\/12\/La-5G-est-elle-enfin-prete-a-revolutionner-nos-usages-1-1.png","width":1344,"height":768,"caption":"d\u00e9couvrez comment la 5g est sur le point de transformer nos habitudes quotidiennes et d'impacter divers secteurs, de la communication \u00e0 l'industrie, en passant par les loisirs. la r\u00e9volution num\u00e9rique est-elle \u00e0 nos portes ?"},{"@type":"WebSite","@id":"https:\/\/randietech.com\/blog\/#website","url":"https:\/\/randietech.com\/blog\/","name":"randietech.com","description":"Plongez dans la tech de demain.","publisher":{"@id":"https:\/\/randietech.com\/blog\/#organization"},"alternateName":"Plongez dans la tech de demain.","potentialAction":[{"@type":"SearchAction","target":{"@type":"EntryPoint","urlTemplate":"https:\/\/randietech.com\/blog\/?s={search_term_string}"},"query-input":{"@type":"PropertyValueSpecification","valueRequired":true,"valueName":"search_term_string"}}],"inLanguage":"fr-FR"},{"@type":"Organization","@id":"https:\/\/randietech.com\/blog\/#organization","name":"Foretsensations.fr","url":"https:\/\/randietech.com\/blog\/","logo":{"@type":"ImageObject","inLanguage":"fr-FR","@id":"https:\/\/randietech.com\/blog\/#\/schema\/logo\/image\/","url":"https:\/\/randietech.com\/blog\/wp-content\/uploads\/2024\/12\/2.png","contentUrl":"https:\/\/randietech.com\/blog\/wp-content\/uploads\/2024\/12\/2.png","width":500,"height":500,"caption":"Foretsensations.fr"},"image":{"@id":"https:\/\/randietech.com\/blog\/#\/schema\/logo\/image\/"}},{"@type":"Person","@id":"https:\/\/randietech.com\/blog\/#\/schema\/person\/3c864cdc320801e3db34b663e7e3f816","name":"Clara Nizard","image":{"@type":"ImageObject","inLanguage":"fr-FR","@id":"https:\/\/randietech.com\/blog\/#\/schema\/person\/image\/","url":"https:\/\/randietech.com\/blog\/wp-content\/uploads\/2026\/06\/persona_clara-n-96x96.jpg","contentUrl":"https:\/\/randietech.com\/blog\/wp-content\/uploads\/2026\/06\/persona_clara-n-96x96.jpg","caption":"Clara Nizard"},"description":"Je suis sp\u00e9cialis\u00e9e dans le mobile et l'\u00e9cosyst\u00e8me num\u00e9rique : smartphones, r\u00e9paration, applications et tendances du web. Mon parcours m\u00eale veille technologique et r\u00e9daction depuis plusieurs ann\u00e9es, avec un faible pour les sujets pratiques \u2014 prolonger la vie de son t\u00e9l\u00e9phone, bien le r\u00e9parer, choisir le bon appareil sans se ruiner. J'aborde aussi la transformation digitale du point de vue de l'utilisateur et des petites structures qui cherchent \u00e0 exister en ligne. Je travaille \u00e0 partir de tests, de fiches techniques v\u00e9rifi\u00e9es et de retours d'usage r\u00e9els, et je distingue toujours la nouveaut\u00e9 marketing de l'avanc\u00e9e utile. Mon angle : d\u00e9mystifier la high-tech pour que chacun reste ma\u00eetre de ses outils plut\u00f4t que d\u00e9pass\u00e9 par eux. J'\u00e9cris clair, court quand il le faut, d\u00e9taill\u00e9 quand le sujet l'exige.","sameAs":["https:\/\/claranizard.fr\/"],"url":"https:\/\/randietech.com\/blog\/auteur\/noname\/"}]}},"_links":{"self":[{"href":"https:\/\/randietech.com\/blog\/wp-json\/wp\/v2\/posts\/7239","targetHints":{"allow":["GET"]}}],"collection":[{"href":"https:\/\/randietech.com\/blog\/wp-json\/wp\/v2\/posts"}],"about":[{"href":"https:\/\/randietech.com\/blog\/wp-json\/wp\/v2\/types\/post"}],"author":[{"embeddable":true,"href":"https:\/\/randietech.com\/blog\/wp-json\/wp\/v2\/users\/34"}],"replies":[{"embeddable":true,"href":"https:\/\/randietech.com\/blog\/wp-json\/wp\/v2\/comments?post=7239"}],"version-history":[{"count":1,"href":"https:\/\/randietech.com\/blog\/wp-json\/wp\/v2\/posts\/7239\/revisions"}],"predecessor-version":[{"id":8738,"href":"https:\/\/randietech.com\/blog\/wp-json\/wp\/v2\/posts\/7239\/revisions\/8738"}],"wp:featuredmedia":[{"embeddable":true,"href":"https:\/\/randietech.com\/blog\/wp-json\/wp\/v2\/media\/7240"}],"wp:attachment":[{"href":"https:\/\/randietech.com\/blog\/wp-json\/wp\/v2\/media?parent=7239"}],"wp:term":[{"taxonomy":"category","embeddable":true,"href":"https:\/\/randietech.com\/blog\/wp-json\/wp\/v2\/categories?post=7239"},{"taxonomy":"post_tag","embeddable":true,"href":"https:\/\/randietech.com\/blog\/wp-json\/wp\/v2\/tags?post=7239"}],"curies":[{"name":"wp","href":"https:\/\/api.w.org\/{rel}","templated":true}]}}