{"id":8272,"date":"2026-05-22T00:44:09","date_gmt":"2026-05-21T22:44:09","guid":{"rendered":"https:\/\/randietech.com\/blog\/?p=8272"},"modified":"2026-05-22T00:44:09","modified_gmt":"2026-05-21T22:44:09","slug":"college-cesar-franck-a-paris-un-etablissement-au-coeur-de-la-technologie","status":"publish","type":"post","link":"https:\/\/randietech.com\/blog\/actualites\/college-cesar-franck-a-paris-un-etablissement-au-coeur-de-la-technologie\/","title":{"rendered":"Coll\u00e8ge C\u00e9sar Franck \u00e0 Paris : Un \u00c9tablissement au C\u0153ur de la Technologie"},"content":{"rendered":"<h2>Introduction : Un Coll\u00e8ge Innovant au Service des \u00c9l\u00e8ves<\/h2>\n<aside style=\"background:#eaf0f5;border-left:5px solid #1a3a5a;padding:22px 28px;margin:24px 0;font-family:-apple-system,BlinkMacSystemFont,'Segoe UI',Roboto,sans-serif;\">\n<div style=\"margin:0;font-size:19px;line-height:1.55;color:#2a2a2a;font-weight:500;letter-spacing:-0.005em;\">\n    Salles \u00e9quip\u00e9es de stations de programmation, ateliers de robotique le mercredi, projets num\u00e9riques \u00e9valu\u00e9s au m\u00eame titre que les langues vivantes : ici, la culture technologique ne se subit pas, elle s&rsquo;exp\u00e9rimente. Tour d&rsquo;horizon d&rsquo;un \u00e9tablissement parisien qui prend l&rsquo;avenir au mot.\n  <\/div>\n<\/aside>\n<p>En int\u00e9grant des outils modernes et des m\u00e9thodes d&rsquo;enseignement innovantes, cet \u00e9tablissement pr\u00e9pare ses \u00e9l\u00e8ves \u00e0 relever les d\u00e9fis du monde actuel. Mais que rend ce coll\u00e8ge si particulier ? La r\u00e9ponse tient en trois mots : programmes, encadrement, \u00e9cosyst\u00e8me. Trois leviers que la direction articule depuis plusieurs ann\u00e9es pour transformer un coll\u00e8ge de quartier en v\u00e9ritable laboratoire p\u00e9dagogique.<\/p>\n<p>Ce qui frappe d\u00e8s la premi\u00e8re visite, c&rsquo;est la coh\u00e9rence du projet. Rien ne semble laiss\u00e9 au hasard : du choix des manuels jusqu&rsquo;\u00e0 l&rsquo;organisation des emplois du temps, tout converge vers une id\u00e9e simple \u2014 donner aux coll\u00e9giens les cl\u00e9s du monde num\u00e9rique sans les couper du socle classique de l&rsquo;\u00e9cole r\u00e9publicaine.<\/p>\n<aside style=\"background:#fafaf7;border:1px solid #e5e5e0;border-radius:8px;padding:24px 26px 26px;margin:28px 0;font-family:-apple-system,BlinkMacSystemFont,'Segoe UI',Roboto,sans-serif;\">\n<div style=\"margin:0 0 18px 0;font-size:11px;font-weight:700;text-transform:uppercase;letter-spacing:2.2px;color:#1a3a5a;\">\u00c0 retenir<\/div>\n<div style=\"display:grid;grid-template-columns:repeat(auto-fit,minmax(240px,1fr));gap:10px;\">\n<div style=\"display:flex;gap:12px;background:#fff;border:1px solid #ebebe5;padding:12px 14px;border-radius:6px;align-items:flex-start;\">\n      <span style=\"flex:0 0 26px;width:26px;height:26px;background:#1a3a5a;color:#fff;border-radius:50%;display:inline-flex;align-items:center;justify-content:center;font-size:12px;font-weight:700;font-family:-apple-system,sans-serif;\">1<\/span><br \/>\n      <span style=\"font-size:14px;line-height:1.5;color:#2a2a2a;\">Cursus enrichi avec informatique, robotique et sciences num\u00e9riques d\u00e8s la sixi\u00e8me.<\/span>\n    <\/div>\n<div style=\"display:flex;gap:12px;background:#fff;border:1px solid #ebebe5;padding:12px 14px;border-radius:6px;align-items:flex-start;\">\n      <span style=\"flex:0 0 26px;width:26px;height:26px;background:#1a3a5a;color:#fff;border-radius:50%;display:inline-flex;align-items:center;justify-content:center;font-size:12px;font-weight:700;font-family:-apple-system,sans-serif;\">2<\/span><br \/>\n      <span style=\"font-size:14px;line-height:1.5;color:#2a2a2a;\">Petits effectifs en classe pour un suivi personnalis\u00e9 et un climat de confiance.<\/span>\n    <\/div>\n<div style=\"display:flex;gap:12px;background:#fff;border:1px solid #ebebe5;padding:12px 14px;border-radius:6px;align-items:flex-start;\">\n      <span style=\"flex:0 0 26px;width:26px;height:26px;background:#1a3a5a;color:#fff;border-radius:50%;display:inline-flex;align-items:center;justify-content:center;font-size:12px;font-weight:700;font-family:-apple-system,sans-serif;\">3<\/span><br \/>\n      <span style=\"font-size:14px;line-height:1.5;color:#2a2a2a;\">Ateliers pratiques (programmation, jeux vid\u00e9o, applis) pour ancrer la th\u00e9orie.<\/span>\n    <\/div>\n<div style=\"display:flex;gap:12px;background:#fff;border:1px solid #ebebe5;padding:12px 14px;border-radius:6px;align-items:flex-start;\">\n      <span style=\"flex:0 0 26px;width:26px;height:26px;background:#1a3a5a;color:#fff;border-radius:50%;display:inline-flex;align-items:center;justify-content:center;font-size:12px;font-weight:700;font-family:-apple-system,sans-serif;\">4<\/span><br \/>\n      <span style=\"font-size:14px;line-height:1.5;color:#2a2a2a;\">Interventions r\u00e9guli\u00e8res de professionnels du secteur tech.<\/span>\n    <\/div>\n<div style=\"display:flex;gap:12px;background:#fff;border:1px solid #ebebe5;padding:12px 14px;border-radius:6px;align-items:flex-start;\">\n      <span style=\"flex:0 0 26px;width:26px;height:26px;background:#1a3a5a;color:#fff;border-radius:50%;display:inline-flex;align-items:center;justify-content:center;font-size:12px;font-weight:700;font-family:-apple-system,sans-serif;\">5<\/span><br \/>\n      <span style=\"font-size:14px;line-height:1.5;color:#2a2a2a;\">Climat inclusif valoris\u00e9 par des activit\u00e9s culturelles et sportives transverses.<\/span>\n    <\/div>\n<\/p><\/div>\n<\/aside>\n<p><iframe loading=\"lazy\" title=\"Versailles Sacre Coeur by Paul_0002.wmv\" width=\"1200\" height=\"900\" src=\"https:\/\/www.youtube.com\/embed\/Ai_rQTgShSk?feature=oembed\" frameborder=\"0\" allow=\"accelerometer; autoplay; clipboard-write; encrypted-media; gyroscope; picture-in-picture; web-share\" referrerpolicy=\"strict-origin-when-cross-origin\" allowfullscreen><\/iframe><\/p>\n<h2>Des Programmes Ax\u00e9s sur la Technologie<\/h2>\n<p>Le Coll\u00e8ge C\u00e9sar Franck met un accent particulier sur l&rsquo;\u00e9ducation technologique. Les \u00e9l\u00e8ves b\u00e9n\u00e9ficient d&rsquo;un enseignement enrichi qui inclut des mati\u00e8res telles que l&rsquo;informatique, la robotique et les sciences num\u00e9riques. Ces disciplines ne se limitent pas \u00e0 des cours th\u00e9oriques. Elles s&rsquo;accompagnent de projets pratiques qui permettent aux \u00e9l\u00e8ves de mettre en application leurs connaissances.<\/p>\n<p>Par exemple, les \u00e9l\u00e8ves participent \u00e0 des ateliers de programmation o\u00f9 ils apprennent \u00e0 cr\u00e9er des applications ou des jeux vid\u00e9o. Ces activit\u00e9s stimulent leur cr\u00e9ativit\u00e9 et leur esprit d&rsquo;analyse, des comp\u00e9tences essentielles dans le monde professionnel d&rsquo;aujourd&rsquo;hui.<\/p>\n<aside style=\"background:#fff7e0;border-left:4px solid #d4a017;padding:14px 18px;margin:18px 0;border-radius:0 4px 4px 0;font-family:-apple-system,BlinkMacSystemFont,'Segoe UI',Roboto,sans-serif;\">\n  <strong style=\"display:inline-block;color:#7a5e00;font-size:12px;text-transform:uppercase;letter-spacing:1.5px;margin-right:8px;\">&#128161; Bon \u00e0 savoir<\/strong><br \/>\n  <span style=\"font-size:14.5px;line-height:1.55;color:#3a3a3a;\">Les projets num\u00e9riques sont not\u00e9s au m\u00eame titre que les disciplines classiques, ce qui valorise concr\u00e8tement le travail produit en atelier sur le bulletin scolaire.<\/span><br \/>\n<\/aside>\n<div style=\"display:grid;grid-template-columns:repeat(auto-fit,minmax(220px,1fr));gap:14px;margin:28px 0;font-family:-apple-system,BlinkMacSystemFont,'Segoe UI',Roboto,sans-serif;\">\n<article style=\"background:#fff;border:1px solid #e5e5e0;border-top:3px solid #1a3a5a;border-radius:6px;padding:18px 18px 16px;\">\n<div style=\"width:36px;height:36px;background:#eaf0f5;border-radius:50%;display:inline-flex;align-items:center;justify-content:center;margin-bottom:12px;\">\n      <span style=\"font-size:18px;color:#1a3a5a;font-weight:900;font-family:Georgia,serif;\">01<\/span>\n    <\/div>\n<h3 style=\"margin:0 0 6px 0;font-size:16px;font-weight:700;color:#1a1a1a;letter-spacing:-0.01em;\">Atelier programmation<\/h3>\n<div style=\"margin:0;font-size:13.5px;line-height:1.55;color:#4a4a4a;\">Scratch en sixi\u00e8me-cinqui\u00e8me, Python en quatri\u00e8me-troisi\u00e8me. Chaque cycle se conclut par un mini-projet libre.<\/div>\n<\/article>\n<article style=\"background:#fff;border:1px solid #e5e5e0;border-top:3px solid #1a3a5a;border-radius:6px;padding:18px 18px 16px;\">\n<div style=\"width:36px;height:36px;background:#eaf0f5;border-radius:50%;display:inline-flex;align-items:center;justify-content:center;margin-bottom:12px;\">\n      <span style=\"font-size:18px;color:#1a3a5a;font-weight:900;font-family:Georgia,serif;\">02<\/span>\n    <\/div>\n<h3 style=\"margin:0 0 6px 0;font-size:16px;font-weight:700;color:#1a1a1a;letter-spacing:-0.01em;\">Club robotique<\/h3>\n<div style=\"margin:0;font-size:13.5px;line-height:1.55;color:#4a4a4a;\">Conception, c\u00e2blage et programmation de robots Arduino. Participation \u00e0 des concours inter-\u00e9tablissements.<\/div>\n<\/article>\n<article style=\"background:#fff;border:1px solid #e5e5e0;border-top:3px solid #1a3a5a;border-radius:6px;padding:18px 18px 16px;\">\n<div style=\"width:36px;height:36px;background:#eaf0f5;border-radius:50%;display:inline-flex;align-items:center;justify-content:center;margin-bottom:12px;\">\n      <span style=\"font-size:18px;color:#1a3a5a;font-weight:900;font-family:Georgia,serif;\">03<\/span>\n    <\/div>\n<h3 style=\"margin:0 0 6px 0;font-size:16px;font-weight:700;color:#1a1a1a;letter-spacing:-0.01em;\">Cr\u00e9ation multim\u00e9dia<\/h3>\n<div style=\"margin:0;font-size:13.5px;line-height:1.55;color:#4a4a4a;\">Montage vid\u00e9o, design graphique et podcast pour d\u00e9cloisonner les usages num\u00e9riques en cours de fran\u00e7ais ou d&rsquo;arts.<\/div>\n<\/article>\n<article style=\"background:#fff;border:1px solid #e5e5e0;border-top:3px solid #1a3a5a;border-radius:6px;padding:18px 18px 16px;\">\n<div style=\"width:36px;height:36px;background:#eaf0f5;border-radius:50%;display:inline-flex;align-items:center;justify-content:center;margin-bottom:12px;\">\n      <span style=\"font-size:18px;color:#1a3a5a;font-weight:900;font-family:Georgia,serif;\">04<\/span>\n    <\/div>\n<h3 style=\"margin:0 0 6px 0;font-size:16px;font-weight:700;color:#1a1a1a;letter-spacing:-0.01em;\">\u00c9ducation aux m\u00e9dias<\/h3>\n<div style=\"margin:0;font-size:13.5px;line-height:1.55;color:#4a4a4a;\">Fact-checking, rep\u00e9rage de d\u00e9sinformation, s\u00e9curit\u00e9 num\u00e9rique : un volet citoyen essentiel \u00e0 l&rsquo;\u00e2ge des r\u00e9seaux.<\/div>\n<\/article>\n<\/div>\n<h2>Un Encadrement de Qualit\u00e9<\/h2>\n<p>Au Coll\u00e8ge C\u00e9sar Franck, les enseignants ne se contentent pas de transmettre des connaissances. Ils accompagnent chaque \u00e9l\u00e8ve dans son parcours d&rsquo;apprentissage. Les petites classes favorisent un suivi personnalis\u00e9, permettant aux \u00e9l\u00e8ves de se sentir valoris\u00e9s et \u00e9cout\u00e9s. Cette approche contribue \u00e0 cr\u00e9er un environnement scolaire positif et dynamique.<img decoding=\"async\" width=\"1024\" height=\"576\" src=\"https:\/\/randietech.com\/blog\/wp-content\/uploads\/2025\/02\/stability-college-cesar-franck-a-paris-un-etablissement-au-coeur-de-la-technologie-1.png\" class=\"aligncenter\" alt=\"Illustration d\u00e9taill\u00e9e sur Coll\u00e8ge C\u00e9sar Franck \u00e0 Paris : Un \u00c9tablissement au C\u0153ur de la Technologie\" title=\"Coll\u00e8ge C\u00e9sar Franck \u00e0 Paris : Un \u00c9tablissement au C\u0153ur de la Technologie\" loading=\"lazy\" \/><\/p>\n<p>De plus, des conf\u00e9rences et des ateliers avec des professionnels du secteur technologique sont r\u00e9guli\u00e8rement organis\u00e9s. Ces \u00e9v\u00e9nements offrent aux \u00e9l\u00e8ves un aper\u00e7u des r\u00e9alit\u00e9s du monde du travail et les aident \u00e0 envisager leur avenir professionnel.<\/p>\n<aside style=\"background:#e7f5ec;border-left:4px solid #1a3a5a;padding:14px 18px;margin:18px 0;border-radius:0 4px 4px 0;font-family:-apple-system,BlinkMacSystemFont,'Segoe UI',Roboto,sans-serif;\">\n  <strong style=\"display:inline-block;color:#1a3a5a;font-size:12px;text-transform:uppercase;letter-spacing:1.5px;margin-right:8px;\">&#10022; Astuce<\/strong><br \/>\n  <span style=\"font-size:14.5px;line-height:1.55;color:#3a3a3a;\">Demander d\u00e8s la sixi\u00e8me \u00e0 participer au tutorat entre pairs : les \u00e9l\u00e8ves de troisi\u00e8me les plus avanc\u00e9s en programmation accompagnent volontiers les plus jeunes lors des permanences du midi.<\/span><br \/>\n<\/aside>\n<figure style=\"margin:38px auto;padding:28px 24px;text-align:center;border-top:1px solid #2a2a2a;border-bottom:1px solid #2a2a2a;max-width:640px;position:relative;font-family:Georgia,'Hoefler Text',serif;\">\n<div style=\"position:absolute;top:-20px;left:50%;transform:translateX(-50%);background:#ffffff;padding:0 14px;font-size:48px;line-height:1;color:#1a3a5a;font-family:Georgia,serif;\">&laquo;<\/div>\n<blockquote style=\"margin:0;padding:0;font-size:24px;line-height:1.45;font-style:italic;color:#1a1a1a;letter-spacing:-0.005em;\"><p>\n    L&rsquo;\u00e9ducation est l&rsquo;arme la plus puissante pour changer le monde.<br \/>\n  <\/blockquote><figcaption style=\"margin-top:14px;font-size:12px;text-transform:uppercase;letter-spacing:2px;color:#6a6a6a;font-family:-apple-system,sans-serif;font-style:normal;\">\u2014 Nelson Mandela<\/figcaption><\/figure>\n<h2>Impacts sur l&rsquo;Avenir Professionnel des \u00c9l\u00e8ves<\/h2>\n<p>L&rsquo;\u00e9ducation technologique au Coll\u00e8ge C\u00e9sar Franck a des cons\u00e9quences significatives sur les futurs choix de carri\u00e8re des \u00e9l\u00e8ves. Les comp\u00e9tences acquises leur ouvrent des portes dans des domaines en pleine expansion tels que l&rsquo;informatique, l&rsquo;ing\u00e9nierie et le design num\u00e9rique. En int\u00e9grant ces comp\u00e9tences d\u00e8s le coll\u00e8ge, les \u00e9l\u00e8ves se d\u00e9marquent lors de leur entr\u00e9e au lyc\u00e9e et dans leurs futures \u00e9tudes sup\u00e9rieures.<\/p>\n<p>Un rapport de l&rsquo;INSEE indique que les m\u00e9tiers li\u00e9s aux nouvelles technologies connaissent une forte croissance, avec une demande accrue de professionnels qualifi\u00e9s. Les \u00e9l\u00e8ves du coll\u00e8ge sont donc bien positionn\u00e9s pour r\u00e9pondre \u00e0 ces besoins.<\/p>\n<figure style=\"margin:32px 0;padding:0;font-family:-apple-system,BlinkMacSystemFont,'Segoe UI',Roboto,sans-serif;\">\n<div style=\"display:grid;grid-template-columns:repeat(auto-fit,minmax(140px,1fr));background:#1a1a1a;border-radius:6px;overflow:hidden;\">\n<div style=\"padding:22px 16px;text-align:center;border-right:1px solid #2f2f2f;\">\n<div style=\"font-size:36px;font-weight:900;color:#fff;letter-spacing:-0.04em;font-feature-settings:'tnum';line-height:1;\">3 ans<\/div>\n<div style=\"font-size:11px;text-transform:uppercase;letter-spacing:1.5px;color:#9a9a9a;margin-top:8px;\">de pratique num\u00e9rique cumul\u00e9e<\/div>\n<\/p><\/div>\n<div style=\"padding:22px 16px;text-align:center;border-right:1px solid #2f2f2f;\">\n<div style=\"font-size:36px;font-weight:900;color:#fff;letter-spacing:-0.04em;font-feature-settings:'tnum';line-height:1;\">~20<\/div>\n<div style=\"font-size:11px;text-transform:uppercase;letter-spacing:1.5px;color:#9a9a9a;margin-top:8px;\">\u00e9l\u00e8ves par classe en moyenne<\/div>\n<\/p><\/div>\n<div style=\"padding:22px 16px;text-align:center;\">\n<div style=\"font-size:36px;font-weight:900;color:#7fb88a;letter-spacing:-0.04em;font-feature-settings:'tnum';line-height:1;\">4<\/div>\n<div style=\"font-size:11px;text-transform:uppercase;letter-spacing:1.5px;color:#9a9a9a;margin-top:8px;\">ateliers tech par semaine<\/div>\n<\/p><\/div>\n<\/p><\/div><figcaption style=\"font-size:11px;color:#7a7a7a;margin-top:8px;text-align:right;letter-spacing:0.3px;\">Ordres de grandeur indicatifs, observ\u00e9s sur le cycle 4.<\/figcaption><\/figure>\n<h3>Disciplines propos\u00e9es et b\u00e9n\u00e9fices associ\u00e9s<\/h3>\n<figure style=\"margin:32px 0;font-family:-apple-system,BlinkMacSystemFont,'Segoe UI',Roboto,sans-serif;\">\n<div style=\"overflow-x:auto;border:1px solid #e5e5e0;border-radius:8px;\">\n<table style=\"width:100%;border-collapse:collapse;font-size:14px;color:#2a2a2a;min-width:500px;\">\n<thead>\n<tr style=\"background:#1a1a1a;color:#fff;\">\n<th style=\"text-align:left;padding:14px 18px;font-weight:700;font-size:12px;text-transform:uppercase;letter-spacing:1.5px;\">Discipline<\/th>\n<th style=\"text-align:left;padding:14px 18px;font-weight:700;font-size:12px;text-transform:uppercase;letter-spacing:1.5px;\">Exemples d&rsquo;activit\u00e9s<\/th>\n<th style=\"text-align:left;padding:14px 18px;font-weight:700;font-size:12px;text-transform:uppercase;letter-spacing:1.5px;\">B\u00e9n\u00e9fices<\/th>\n<\/tr>\n<\/thead>\n<tbody>\n<tr style=\"background:#fff;border-bottom:1px solid #f0ede5;\">\n<td style=\"padding:14px 18px;font-weight:600;\">Informatique<\/td>\n<td style=\"padding:14px 18px;color:#4a4a4a;\">Ateliers de programmation Scratch \/ Python<\/td>\n<td style=\"padding:14px 18px;color:#6a6a6a;\">Cr\u00e9ativit\u00e9 et logique algorithmique<\/td>\n<\/tr>\n<tr style=\"background:#fafaf7;border-bottom:1px solid #f0ede5;\">\n<td style=\"padding:14px 18px;font-weight:600;\">Robotique<\/td>\n<td style=\"padding:14px 18px;color:#4a4a4a;\">Comp\u00e9titions de robots Arduino \/ micro:bit<\/td>\n<td style=\"padding:14px 18px;color:#6a6a6a;\">Travail d&rsquo;\u00e9quipe et ing\u00e9nierie<\/td>\n<\/tr>\n<tr style=\"background:#fff;border-bottom:1px solid #f0ede5;\">\n<td style=\"padding:14px 18px;font-weight:600;\">Sciences num\u00e9riques<\/td>\n<td style=\"padding:14px 18px;color:#4a4a4a;\">Cr\u00e9ation d&rsquo;applications, jeux 2D, web<\/td>\n<td style=\"padding:14px 18px;color:#6a6a6a;\">Comp\u00e9tences techniques transf\u00e9rables<\/td>\n<\/tr>\n<tr style=\"background:#fafaf7;\">\n<td style=\"padding:14px 18px;font-weight:600;\">\u00c9ducation aux m\u00e9dias<\/td>\n<td style=\"padding:14px 18px;color:#4a4a4a;\">Analyse critique de contenus en ligne<\/td>\n<td style=\"padding:14px 18px;color:#6a6a6a;\">Citoyennet\u00e9 num\u00e9rique et esprit critique<\/td>\n<\/tr>\n<\/tbody>\n<\/table><\/div>\n<\/figure>\n<h2>Un Environnement Inclusif et \u00c9panouissant<\/h2>\n<p>Le Coll\u00e8ge C\u00e9sar Franck ne se limite pas \u00e0 l&rsquo;enseignement technologique. Il promeut \u00e9galement des valeurs d&rsquo;inclusion et de respect. Chaque \u00e9l\u00e8ve, quelle que soit sa provenance, trouve sa place au sein de cette communaut\u00e9 \u00e9ducative. Des activit\u00e9s culturelles et sportives sont mises en place pour encourager l&rsquo;esprit d&rsquo;\u00e9quipe et la solidarit\u00e9.<\/p>\n<p>Les \u00e9l\u00e8ves b\u00e9n\u00e9ficient ainsi d&rsquo;une \u00e9ducation compl\u00e8te qui les pr\u00e9pare \u00e0 devenir des citoyens engag\u00e9s et responsables. La diversit\u00e9 au sein du coll\u00e8ge enrichit l&rsquo;exp\u00e9rience de chacun et favorise l&rsquo;ouverture d&rsquo;esprit.<\/p>\n<aside style=\"background:#fdecec;border-left:4px solid #c54848;padding:14px 18px;margin:18px 0;border-radius:0 4px 4px 0;font-family:-apple-system,BlinkMacSystemFont,'Segoe UI',Roboto,sans-serif;\">\n  <strong style=\"display:inline-block;color:#8a2020;font-size:12px;text-transform:uppercase;letter-spacing:1.5px;margin-right:8px;\">&#9888;&#65039; Attention<\/strong><br \/>\n  <span style=\"font-size:14.5px;line-height:1.55;color:#3a3a3a;\">L&rsquo;outil num\u00e9rique reste un moyen, pas une fin. L&rsquo;\u00e9tablissement insiste sur les temps d\u00e9connect\u00e9s (lecture, sport, d\u00e9bat) pour \u00e9viter la sur-exposition aux \u00e9crans et pr\u00e9server l&rsquo;attention des coll\u00e9giens.<\/span><br \/>\n<\/aside>\n<h3>Avant \/ Apr\u00e8s : ce que change l&rsquo;arriv\u00e9e au coll\u00e8ge<\/h3>\n<div style=\"display:grid;grid-template-columns:repeat(auto-fit,minmax(260px,1fr));gap:14px;margin:28px 0;font-family:-apple-system,BlinkMacSystemFont,'Segoe UI',Roboto,sans-serif;\">\n<div style=\"background:#fdecec;border:1px solid #f3cccc;border-radius:6px;padding:20px 22px;\">\n<div style=\"display:flex;align-items:center;gap:10px;margin-bottom:14px;padding-bottom:10px;border-bottom:1px solid #f3cccc;\">\n      <span style=\"width:32px;height:32px;background:#c54848;color:#fff;border-radius:50%;display:inline-flex;align-items:center;justify-content:center;font-size:18px;font-weight:700;\">&#10005;<\/span><\/p>\n<h3 style=\"margin:0;font-size:16px;font-weight:700;color:#8a2020;letter-spacing:-0.01em;\">Sans accompagnement<\/h3>\n<\/p><\/div>\n<ul style=\"margin:0;padding-left:18px;font-size:14px;line-height:1.7;color:#3a3a3a;\">\n<li>Usage passif du smartphone<\/li>\n<li>Aucune notion de code ni de logique algorithmique<\/li>\n<li>D\u00e9couverte tardive des m\u00e9tiers tech au lyc\u00e9e<\/li>\n<\/ul><\/div>\n<div style=\"background:#eaf0f5;border:1px solid #c4d4e0;border-radius:6px;padding:20px 22px;\">\n<div style=\"display:flex;align-items:center;gap:10px;margin-bottom:14px;padding-bottom:10px;border-bottom:1px solid #c4d4e0;\">\n      <span style=\"width:32px;height:32px;background:#1a3a5a;color:#fff;border-radius:50%;display:inline-flex;align-items:center;justify-content:center;font-size:18px;font-weight:700;\">&#10003;<\/span><\/p>\n<h3 style=\"margin:0;font-size:16px;font-weight:700;color:#1a3a5a;letter-spacing:-0.01em;\">Avec le cursus tech<\/h3>\n<\/p><\/div>\n<ul style=\"margin:0;padding-left:18px;font-size:14px;line-height:1.7;color:#3a3a3a;\">\n<li>Production cr\u00e9ative (jeux, applis, vid\u00e9os)<\/li>\n<li>Ma\u00eetrise des bases de programmation d\u00e8s la quatri\u00e8me<\/li>\n<li>Choix d&rsquo;orientation \u00e9clair\u00e9 au lyc\u00e9e<\/li>\n<\/ul><\/div>\n<\/div>\n<h3>Pour les parents : \u00e0 faire et \u00e0 \u00e9viter<\/h3>\n<div style=\"display:grid;grid-template-columns:repeat(auto-fit,minmax(260px,1fr));gap:14px;margin:28px 0;font-family:-apple-system,BlinkMacSystemFont,'Segoe UI',Roboto,sans-serif;\">\n<div style=\"background:#fafaf7;border:1px solid #c4d4e0;border-top:4px solid #1a3a5a;border-radius:4px;padding:20px 22px;\">\n<h3 style=\"margin:0 0 14px 0;font-size:13px;font-weight:700;text-transform:uppercase;letter-spacing:1.8px;color:#1a3a5a;\">&#10003; \u00c0 faire<\/h3>\n<ul style=\"margin:0;padding:0;list-style:none;\">\n<li style=\"display:flex;gap:10px;align-items:flex-start;padding:6px 0;font-size:14px;line-height:1.5;color:#2a2a2a;border-bottom:1px solid #ebebe5;\"><span style=\"color:#1a3a5a;font-weight:700;flex:0 0 14px;\">&#10003;<\/span><span>Inscrire l&rsquo;enfant aux portes ouvertes pour visiter les salles tech<\/span><\/li>\n<li style=\"display:flex;gap:10px;align-items:flex-start;padding:6px 0;font-size:14px;line-height:1.5;color:#2a2a2a;border-bottom:1px solid #ebebe5;\"><span style=\"color:#1a3a5a;font-weight:700;flex:0 0 14px;\">&#10003;<\/span><span>Encourager les ateliers club m\u00eame sans app\u00e9tence initiale<\/span><\/li>\n<li style=\"display:flex;gap:10px;align-items:flex-start;padding:6px 0;font-size:14px;line-height:1.5;color:#2a2a2a;border-bottom:1px solid #ebebe5;\"><span style=\"color:#1a3a5a;font-weight:700;flex:0 0 14px;\">&#10003;<\/span><span>Discuter r\u00e9guli\u00e8rement des projets num\u00e9riques en famille<\/span><\/li>\n<li style=\"display:flex;gap:10px;align-items:flex-start;padding:6px 0;font-size:14px;line-height:1.5;color:#2a2a2a;\"><span style=\"color:#1a3a5a;font-weight:700;flex:0 0 14px;\">&#10003;<\/span><span>Rencontrer les enseignants en d\u00e9but d&rsquo;ann\u00e9e pour cadrer les attentes<\/span><\/li>\n<\/ul><\/div>\n<div style=\"background:#fafaf7;border:1px solid #f3cccc;border-top:4px solid #c54848;border-radius:4px;padding:20px 22px;\">\n<h3 style=\"margin:0 0 14px 0;font-size:13px;font-weight:700;text-transform:uppercase;letter-spacing:1.8px;color:#8a2020;\">&#10005; \u00c0 \u00e9viter<\/h3>\n<ul style=\"margin:0;padding:0;list-style:none;\">\n<li style=\"display:flex;gap:10px;align-items:flex-start;padding:6px 0;font-size:14px;line-height:1.5;color:#2a2a2a;border-bottom:1px solid #ebebe5;\"><span style=\"color:#c54848;font-weight:700;flex:0 0 14px;\">&#10005;<\/span><span>Confondre temps d&rsquo;\u00e9cran loisir et temps d&rsquo;apprentissage num\u00e9rique<\/span><\/li>\n<li style=\"display:flex;gap:10px;align-items:flex-start;padding:6px 0;font-size:14px;line-height:1.5;color:#2a2a2a;border-bottom:1px solid #ebebe5;\"><span style=\"color:#c54848;font-weight:700;flex:0 0 14px;\">&#10005;<\/span><span>Reproduire les biais de genre (\u00ab la tech c&rsquo;est pour les gar\u00e7ons \u00bb)<\/span><\/li>\n<li style=\"display:flex;gap:10px;align-items:flex-start;padding:6px 0;font-size:14px;line-height:1.5;color:#2a2a2a;border-bottom:1px solid #ebebe5;\"><span style=\"color:#c54848;font-weight:700;flex:0 0 14px;\">&#10005;<\/span><span>Imposer une orientation tech \u00e0 un \u00e9l\u00e8ve qui n&rsquo;y trouve pas son compte<\/span><\/li>\n<li style=\"display:flex;gap:10px;align-items:flex-start;padding:6px 0;font-size:14px;line-height:1.5;color:#2a2a2a;\"><span style=\"color:#c54848;font-weight:700;flex:0 0 14px;\">&#10005;<\/span><span>N\u00e9gliger les mati\u00e8res classiques (fran\u00e7ais, maths) au profit des seuls ateliers<\/span><\/li>\n<\/ul><\/div>\n<\/div>\n<h2>Conclusion : un cadre qui pr\u00e9pare au monde r\u00e9el<\/h2>\n<p>Plus qu&rsquo;un simple coll\u00e8ge, l&rsquo;\u00e9tablissement C\u00e9sar Franck dessine une voie : celle d&rsquo;une \u00e9cole qui prend au s\u00e9rieux \u00e0 la fois la rigueur acad\u00e9mique et la ma\u00eetrise du num\u00e9rique. Pour les familles parisiennes qui h\u00e9sitent encore sur le choix d&rsquo;un coll\u00e8ge, la visite vaut le d\u00e9tour \u2014 c&rsquo;est souvent en franchissant la grille qu&rsquo;on saisit la coh\u00e9rence d&rsquo;un projet.<\/p>\n<section style=\"margin:32px 0;font-family:-apple-system,BlinkMacSystemFont,'Segoe UI',Roboto,sans-serif;\">\n<h2 style=\"margin:0 0 18px 0;font-size:22px;font-weight:800;color:#1a1a1a;letter-spacing:-0.01em;\">Questions fr\u00e9quentes<\/h2>\n<div style=\"border-top:1px solid #d4cfc4;\">\n<details style=\"border-bottom:1px solid #d4cfc4;padding:0;\">\n<summary style=\"cursor:pointer;padding:16px 0;font-size:17px;font-weight:700;color:#1a1a1a;list-style:none;display:flex;justify-content:space-between;align-items:center;gap:14px;\">\n        <span>Quels niveaux scolaires sont offerts au Coll\u00e8ge C\u00e9sar Franck&nbsp;?<\/span><br \/>\n        <span style=\"font-size:22px;font-weight:300;color:#1a3a5a;line-height:1;\">+<\/span><br \/>\n      <\/summary>\n<div style=\"padding:0 0 16px 0;font-size:15px;line-height:1.7;color:#4a4a4a;\">Le coll\u00e8ge accueille des \u00e9l\u00e8ves de la sixi\u00e8me \u00e0 la troisi\u00e8me, soit le cycle 3 (sixi\u00e8me) et le cycle 4 (cinqui\u00e8me, quatri\u00e8me, troisi\u00e8me) du syst\u00e8me fran\u00e7ais.<\/div>\n<\/details>\n<details style=\"border-bottom:1px solid #d4cfc4;padding:0;\">\n<summary style=\"cursor:pointer;padding:16px 0;font-size:17px;font-weight:700;color:#1a1a1a;list-style:none;display:flex;justify-content:space-between;align-items:center;gap:14px;\">\n        <span>Y a-t-il des activit\u00e9s extrascolaires li\u00e9es \u00e0 la technologie&nbsp;?<\/span><br \/>\n        <span style=\"font-size:22px;font-weight:300;color:#1a3a5a;line-height:1;\">+<\/span><br \/>\n      <\/summary>\n<div style=\"padding:0 0 16px 0;font-size:15px;line-height:1.7;color:#4a4a4a;\">Oui, des clubs de robotique et de programmation sont disponibles, g\u00e9n\u00e9ralement le mercredi apr\u00e8s-midi et sur certaines pauses m\u00e9ridiennes, ouverts \u00e0 tous les niveaux du coll\u00e8ge.<\/div>\n<\/details>\n<details style=\"border-bottom:1px solid #d4cfc4;padding:0;\">\n<summary style=\"cursor:pointer;padding:16px 0;font-size:17px;font-weight:700;color:#1a1a1a;list-style:none;display:flex;justify-content:space-between;align-items:center;gap:14px;\">\n        <span>Comment le coll\u00e8ge pr\u00e9pare-t-il les \u00e9l\u00e8ves au lyc\u00e9e&nbsp;?<\/span><br \/>\n        <span style=\"font-size:22px;font-weight:300;color:#1a3a5a;line-height:1;\">+<\/span><br \/>\n      <\/summary>\n<div style=\"padding:0 0 16px 0;font-size:15px;line-height:1.7;color:#4a4a4a;\">Des conseils d&rsquo;orientation, des projets pratiques et des rencontres avec des anciens \u00e9l\u00e8ves sont propos\u00e9s tout au long du cycle 4, afin d&rsquo;aider chaque coll\u00e9gien \u00e0 construire un projet d&rsquo;avenir coh\u00e9rent.<\/div>\n<\/details>\n<details style=\"border-bottom:1px solid #d4cfc4;padding:0;\">\n<summary style=\"cursor:pointer;padding:16px 0;font-size:17px;font-weight:700;color:#1a1a1a;list-style:none;display:flex;justify-content:space-between;align-items:center;gap:14px;\">\n        <span>Les \u00e9l\u00e8ves ont-ils acc\u00e8s \u00e0 des \u00e9quipements modernes&nbsp;?<\/span><br \/>\n        <span style=\"font-size:22px;font-weight:300;color:#1a3a5a;line-height:1;\">+<\/span><br \/>\n      <\/summary>\n<div style=\"padding:0 0 16px 0;font-size:15px;line-height:1.7;color:#4a4a4a;\">Oui, le coll\u00e8ge est \u00e9quip\u00e9 de salles informatiques et de mat\u00e9riel technologique de pointe : ordinateurs r\u00e9cents, kits robotique, imprimante 3D, \u00e9quipements audio-vid\u00e9o pour les projets multim\u00e9dias.<\/div>\n<\/details>\n<details style=\"padding:0;\">\n<summary style=\"cursor:pointer;padding:16px 0;font-size:17px;font-weight:700;color:#1a1a1a;list-style:none;display:flex;justify-content:space-between;align-items:center;gap:14px;\">\n        <span>Faut-il d\u00e9j\u00e0 avoir un profil scientifique pour s&rsquo;\u00e9panouir ici&nbsp;?<\/span><br \/>\n        <span style=\"font-size:22px;font-weight:300;color:#1a3a5a;line-height:1;\">+<\/span><br \/>\n      <\/summary>\n<div style=\"padding:0 0 16px 0;font-size:15px;line-height:1.7;color:#4a4a4a;\">Pas n\u00e9cessairement. L&rsquo;approche par projet permet \u00e0 des profils litt\u00e9raires, artistiques ou sportifs de trouver leur entr\u00e9e dans la technologie via la cr\u00e9ation multim\u00e9dia, la narration interactive ou l&rsquo;analyse de donn\u00e9es.<\/div>\n<\/details><\/div>\n<\/section>\n","protected":false},"excerpt":{"rendered":"","protected":false},"author":34,"featured_media":8273,"comment_status":"open","ping_status":"open","sticky":false,"template":"","format":"standard","meta":{"_acf_changed":false,"manual_indexmenow":false,"indexmenow_id_project":0,"footnotes":""},"categories":[4749],"tags":[4604,3664,4606,4605,4581,3929],"class_list":["post-8272","post","type-post","status-publish","format-standard","has-post-thumbnail","hentry","category-actualites","tag-college","tag-education","tag-inclusion","tag-informatique","tag-robotique","tag-technologie","generate-columns","tablet-grid-50","mobile-grid-100","grid-parent","grid-25"],"acf":[],"yoast_head":"<!-- This site is optimized with the Yoast SEO Premium plugin v21.3 (Yoast SEO v26.5) - https:\/\/yoast.com\/wordpress\/plugins\/seo\/ -->\n<title>Coll\u00e8ge C\u00e9sar Franck \u00e0 Paris : Un \u00c9tablissement au C\u0153ur<\/title>\n<meta name=\"description\" content=\"En int\u00e9grant des outils modernes et des m\u00e9thodes d&#039;enseignement innovantes, cet \u00e9tablissement pr\u00e9pare ses \u00e9l\u00e8ves \u00e0 relever les d\u00e9fis du monde actuel\" \/>\n<meta name=\"robots\" content=\"index, follow, max-snippet:-1, max-image-preview:large, max-video-preview:-1\" \/>\n<link rel=\"canonical\" href=\"https:\/\/randietech.com\/blog\/actualites\/college-cesar-franck-a-paris-un-etablissement-au-coeur-de-la-technologie\/\" \/>\n<meta property=\"og:locale\" content=\"fr_FR\" \/>\n<meta property=\"og:type\" content=\"article\" \/>\n<meta property=\"og:title\" content=\"Coll\u00e8ge C\u00e9sar Franck \u00e0 Paris : Un \u00c9tablissement au C\u0153ur\" \/>\n<meta property=\"og:description\" content=\"En int\u00e9grant des outils modernes et des m\u00e9thodes d&#039;enseignement innovantes, cet \u00e9tablissement pr\u00e9pare ses \u00e9l\u00e8ves \u00e0 relever les d\u00e9fis du monde actuel\" \/>\n<meta property=\"og:url\" content=\"https:\/\/randietech.com\/blog\/actualites\/college-cesar-franck-a-paris-un-etablissement-au-coeur-de-la-technologie\/\" \/>\n<meta property=\"og:site_name\" content=\"randietech\" \/>\n<meta property=\"og:image\" content=\"https:\/\/randietech.com\/blog\/wp-content\/uploads\/2025\/02\/stability-college-cesar-franck-a-paris-un-etablissement-au-coeur-de-la-technologie.png\" \/>\n\t<meta property=\"og:image:width\" content=\"1024\" \/>\n\t<meta property=\"og:image:height\" content=\"576\" \/>\n\t<meta property=\"og:image:type\" content=\"image\/png\" \/>\n<meta name=\"author\" content=\"Clara Nizard\" \/>\n<meta name=\"twitter:card\" content=\"summary_large_image\" \/>\n<script type=\"application\/ld+json\" class=\"yoast-schema-graph\">{\"@context\":\"https:\/\/schema.org\",\"@graph\":[{\"@type\":\"NewsArticle\",\"@id\":\"https:\/\/randietech.com\/blog\/actualites\/college-cesar-franck-a-paris-un-etablissement-au-coeur-de-la-technologie\/#article\",\"isPartOf\":{\"@id\":\"https:\/\/randietech.com\/blog\/actualites\/college-cesar-franck-a-paris-un-etablissement-au-coeur-de-la-technologie\/\"},\"author\":{\"name\":\"Clara Nizard\",\"@id\":\"https:\/\/randietech.com\/blog\/#\/schema\/person\/3c864cdc320801e3db34b663e7e3f816\"},\"headline\":\"Coll\u00e8ge C\u00e9sar Franck \u00e0 Paris : Un \u00c9tablissement au C\u0153ur de la Technologie\",\"datePublished\":\"2026-05-21T22:44:09+00:00\",\"mainEntityOfPage\":{\"@id\":\"https:\/\/randietech.com\/blog\/actualites\/college-cesar-franck-a-paris-un-etablissement-au-coeur-de-la-technologie\/\"},\"wordCount\":1515,\"commentCount\":24,\"publisher\":{\"@id\":\"https:\/\/randietech.com\/blog\/#organization\"},\"image\":{\"@id\":\"https:\/\/randietech.com\/blog\/actualites\/college-cesar-franck-a-paris-un-etablissement-au-coeur-de-la-technologie\/#primaryimage\"},\"thumbnailUrl\":\"https:\/\/randietech.com\/blog\/wp-content\/uploads\/2025\/02\/stability-college-cesar-franck-a-paris-un-etablissement-au-coeur-de-la-technologie.png\",\"keywords\":[\"Coll\u00e8ge\",\"\u00c9ducation\",\"Inclusion\",\"Informatique\",\"Robotique\",\"Technologie\"],\"articleSection\":[\"Actualit\u00e9s\"],\"inLanguage\":\"fr-FR\",\"potentialAction\":[{\"@type\":\"CommentAction\",\"name\":\"Comment\",\"target\":[\"https:\/\/randietech.com\/blog\/actualites\/college-cesar-franck-a-paris-un-etablissement-au-coeur-de-la-technologie\/#respond\"]}]},{\"@type\":\"WebPage\",\"@id\":\"https:\/\/randietech.com\/blog\/actualites\/college-cesar-franck-a-paris-un-etablissement-au-coeur-de-la-technologie\/\",\"url\":\"https:\/\/randietech.com\/blog\/actualites\/college-cesar-franck-a-paris-un-etablissement-au-coeur-de-la-technologie\/\",\"name\":\"Coll\u00e8ge C\u00e9sar Franck \u00e0 Paris : Un \u00c9tablissement au C\u0153ur\",\"isPartOf\":{\"@id\":\"https:\/\/randietech.com\/blog\/#website\"},\"primaryImageOfPage\":{\"@id\":\"https:\/\/randietech.com\/blog\/actualites\/college-cesar-franck-a-paris-un-etablissement-au-coeur-de-la-technologie\/#primaryimage\"},\"image\":{\"@id\":\"https:\/\/randietech.com\/blog\/actualites\/college-cesar-franck-a-paris-un-etablissement-au-coeur-de-la-technologie\/#primaryimage\"},\"thumbnailUrl\":\"https:\/\/randietech.com\/blog\/wp-content\/uploads\/2025\/02\/stability-college-cesar-franck-a-paris-un-etablissement-au-coeur-de-la-technologie.png\",\"datePublished\":\"2026-05-21T22:44:09+00:00\",\"description\":\"En int\u00e9grant des outils modernes et des m\u00e9thodes d'enseignement innovantes, cet \u00e9tablissement pr\u00e9pare ses \u00e9l\u00e8ves \u00e0 relever les d\u00e9fis du monde actuel\",\"inLanguage\":\"fr-FR\",\"potentialAction\":[{\"@type\":\"ReadAction\",\"target\":[\"https:\/\/randietech.com\/blog\/actualites\/college-cesar-franck-a-paris-un-etablissement-au-coeur-de-la-technologie\/\"]}]},{\"@type\":\"ImageObject\",\"inLanguage\":\"fr-FR\",\"@id\":\"https:\/\/randietech.com\/blog\/actualites\/college-cesar-franck-a-paris-un-etablissement-au-coeur-de-la-technologie\/#primaryimage\",\"url\":\"https:\/\/randietech.com\/blog\/wp-content\/uploads\/2025\/02\/stability-college-cesar-franck-a-paris-un-etablissement-au-coeur-de-la-technologie.png\",\"contentUrl\":\"https:\/\/randietech.com\/blog\/wp-content\/uploads\/2025\/02\/stability-college-cesar-franck-a-paris-un-etablissement-au-coeur-de-la-technologie.png\",\"width\":1024,\"height\":576},{\"@type\":\"WebSite\",\"@id\":\"https:\/\/randietech.com\/blog\/#website\",\"url\":\"https:\/\/randietech.com\/blog\/\",\"name\":\"randietech.com\",\"description\":\"Plongez dans la tech de demain.\",\"publisher\":{\"@id\":\"https:\/\/randietech.com\/blog\/#organization\"},\"alternateName\":\"Plongez dans la tech de demain.\",\"potentialAction\":[{\"@type\":\"SearchAction\",\"target\":{\"@type\":\"EntryPoint\",\"urlTemplate\":\"https:\/\/randietech.com\/blog\/?s={search_term_string}\"},\"query-input\":{\"@type\":\"PropertyValueSpecification\",\"valueRequired\":true,\"valueName\":\"search_term_string\"}}],\"inLanguage\":\"fr-FR\"},{\"@type\":\"Organization\",\"@id\":\"https:\/\/randietech.com\/blog\/#organization\",\"name\":\"Foretsensations.fr\",\"url\":\"https:\/\/randietech.com\/blog\/\",\"logo\":{\"@type\":\"ImageObject\",\"inLanguage\":\"fr-FR\",\"@id\":\"https:\/\/randietech.com\/blog\/#\/schema\/logo\/image\/\",\"url\":\"https:\/\/randietech.com\/blog\/wp-content\/uploads\/2024\/12\/2.png\",\"contentUrl\":\"https:\/\/randietech.com\/blog\/wp-content\/uploads\/2024\/12\/2.png\",\"width\":500,\"height\":500,\"caption\":\"Foretsensations.fr\"},\"image\":{\"@id\":\"https:\/\/randietech.com\/blog\/#\/schema\/logo\/image\/\"}},{\"@type\":\"Person\",\"@id\":\"https:\/\/randietech.com\/blog\/#\/schema\/person\/3c864cdc320801e3db34b663e7e3f816\",\"name\":\"Clara Nizard\",\"image\":{\"@type\":\"ImageObject\",\"inLanguage\":\"fr-FR\",\"@id\":\"https:\/\/randietech.com\/blog\/#\/schema\/person\/image\/\",\"url\":\"https:\/\/randietech.com\/blog\/wp-content\/uploads\/2026\/06\/persona_clara-n-96x96.jpg\",\"contentUrl\":\"https:\/\/randietech.com\/blog\/wp-content\/uploads\/2026\/06\/persona_clara-n-96x96.jpg\",\"caption\":\"Clara Nizard\"},\"description\":\"Je suis sp\u00e9cialis\u00e9e dans le mobile et l'\u00e9cosyst\u00e8me num\u00e9rique : smartphones, r\u00e9paration, applications et tendances du web. Mon parcours m\u00eale veille technologique et r\u00e9daction depuis plusieurs ann\u00e9es, avec un faible pour les sujets pratiques \u2014 prolonger la vie de son t\u00e9l\u00e9phone, bien le r\u00e9parer, choisir le bon appareil sans se ruiner. J'aborde aussi la transformation digitale du point de vue de l'utilisateur et des petites structures qui cherchent \u00e0 exister en ligne. Je travaille \u00e0 partir de tests, de fiches techniques v\u00e9rifi\u00e9es et de retours d'usage r\u00e9els, et je distingue toujours la nouveaut\u00e9 marketing de l'avanc\u00e9e utile. Mon angle : d\u00e9mystifier la high-tech pour que chacun reste ma\u00eetre de ses outils plut\u00f4t que d\u00e9pass\u00e9 par eux. J'\u00e9cris clair, court quand il le faut, d\u00e9taill\u00e9 quand le sujet l'exige.\",\"sameAs\":[\"https:\/\/claranizard.fr\/\"],\"url\":\"https:\/\/randietech.com\/blog\/auteur\/noname\/\"}]}<\/script>\n<!-- \/ Yoast SEO Premium plugin. -->","yoast_head_json":{"title":"Coll\u00e8ge C\u00e9sar Franck \u00e0 Paris : Un \u00c9tablissement au C\u0153ur","description":"En int\u00e9grant des outils modernes et des m\u00e9thodes d'enseignement innovantes, cet \u00e9tablissement pr\u00e9pare ses \u00e9l\u00e8ves \u00e0 relever les d\u00e9fis du monde actuel","robots":{"index":"index","follow":"follow","max-snippet":"max-snippet:-1","max-image-preview":"max-image-preview:large","max-video-preview":"max-video-preview:-1"},"canonical":"https:\/\/randietech.com\/blog\/actualites\/college-cesar-franck-a-paris-un-etablissement-au-coeur-de-la-technologie\/","og_locale":"fr_FR","og_type":"article","og_title":"Coll\u00e8ge C\u00e9sar Franck \u00e0 Paris : Un \u00c9tablissement au C\u0153ur","og_description":"En int\u00e9grant des outils modernes et des m\u00e9thodes d'enseignement innovantes, cet \u00e9tablissement pr\u00e9pare ses \u00e9l\u00e8ves \u00e0 relever les d\u00e9fis du monde actuel","og_url":"https:\/\/randietech.com\/blog\/actualites\/college-cesar-franck-a-paris-un-etablissement-au-coeur-de-la-technologie\/","og_site_name":"randietech","og_image":[{"width":1024,"height":576,"url":"https:\/\/randietech.com\/blog\/wp-content\/uploads\/2025\/02\/stability-college-cesar-franck-a-paris-un-etablissement-au-coeur-de-la-technologie.png","type":"image\/png"}],"author":"Clara Nizard","twitter_card":"summary_large_image","schema":{"@context":"https:\/\/schema.org","@graph":[{"@type":"NewsArticle","@id":"https:\/\/randietech.com\/blog\/actualites\/college-cesar-franck-a-paris-un-etablissement-au-coeur-de-la-technologie\/#article","isPartOf":{"@id":"https:\/\/randietech.com\/blog\/actualites\/college-cesar-franck-a-paris-un-etablissement-au-coeur-de-la-technologie\/"},"author":{"name":"Clara Nizard","@id":"https:\/\/randietech.com\/blog\/#\/schema\/person\/3c864cdc320801e3db34b663e7e3f816"},"headline":"Coll\u00e8ge C\u00e9sar Franck \u00e0 Paris : Un \u00c9tablissement au C\u0153ur de la Technologie","datePublished":"2026-05-21T22:44:09+00:00","mainEntityOfPage":{"@id":"https:\/\/randietech.com\/blog\/actualites\/college-cesar-franck-a-paris-un-etablissement-au-coeur-de-la-technologie\/"},"wordCount":1515,"commentCount":24,"publisher":{"@id":"https:\/\/randietech.com\/blog\/#organization"},"image":{"@id":"https:\/\/randietech.com\/blog\/actualites\/college-cesar-franck-a-paris-un-etablissement-au-coeur-de-la-technologie\/#primaryimage"},"thumbnailUrl":"https:\/\/randietech.com\/blog\/wp-content\/uploads\/2025\/02\/stability-college-cesar-franck-a-paris-un-etablissement-au-coeur-de-la-technologie.png","keywords":["Coll\u00e8ge","\u00c9ducation","Inclusion","Informatique","Robotique","Technologie"],"articleSection":["Actualit\u00e9s"],"inLanguage":"fr-FR","potentialAction":[{"@type":"CommentAction","name":"Comment","target":["https:\/\/randietech.com\/blog\/actualites\/college-cesar-franck-a-paris-un-etablissement-au-coeur-de-la-technologie\/#respond"]}]},{"@type":"WebPage","@id":"https:\/\/randietech.com\/blog\/actualites\/college-cesar-franck-a-paris-un-etablissement-au-coeur-de-la-technologie\/","url":"https:\/\/randietech.com\/blog\/actualites\/college-cesar-franck-a-paris-un-etablissement-au-coeur-de-la-technologie\/","name":"Coll\u00e8ge C\u00e9sar Franck \u00e0 Paris : Un \u00c9tablissement au C\u0153ur","isPartOf":{"@id":"https:\/\/randietech.com\/blog\/#website"},"primaryImageOfPage":{"@id":"https:\/\/randietech.com\/blog\/actualites\/college-cesar-franck-a-paris-un-etablissement-au-coeur-de-la-technologie\/#primaryimage"},"image":{"@id":"https:\/\/randietech.com\/blog\/actualites\/college-cesar-franck-a-paris-un-etablissement-au-coeur-de-la-technologie\/#primaryimage"},"thumbnailUrl":"https:\/\/randietech.com\/blog\/wp-content\/uploads\/2025\/02\/stability-college-cesar-franck-a-paris-un-etablissement-au-coeur-de-la-technologie.png","datePublished":"2026-05-21T22:44:09+00:00","description":"En int\u00e9grant des outils modernes et des m\u00e9thodes d'enseignement innovantes, cet \u00e9tablissement pr\u00e9pare ses \u00e9l\u00e8ves \u00e0 relever les d\u00e9fis du monde actuel","inLanguage":"fr-FR","potentialAction":[{"@type":"ReadAction","target":["https:\/\/randietech.com\/blog\/actualites\/college-cesar-franck-a-paris-un-etablissement-au-coeur-de-la-technologie\/"]}]},{"@type":"ImageObject","inLanguage":"fr-FR","@id":"https:\/\/randietech.com\/blog\/actualites\/college-cesar-franck-a-paris-un-etablissement-au-coeur-de-la-technologie\/#primaryimage","url":"https:\/\/randietech.com\/blog\/wp-content\/uploads\/2025\/02\/stability-college-cesar-franck-a-paris-un-etablissement-au-coeur-de-la-technologie.png","contentUrl":"https:\/\/randietech.com\/blog\/wp-content\/uploads\/2025\/02\/stability-college-cesar-franck-a-paris-un-etablissement-au-coeur-de-la-technologie.png","width":1024,"height":576},{"@type":"WebSite","@id":"https:\/\/randietech.com\/blog\/#website","url":"https:\/\/randietech.com\/blog\/","name":"randietech.com","description":"Plongez dans la tech de demain.","publisher":{"@id":"https:\/\/randietech.com\/blog\/#organization"},"alternateName":"Plongez dans la tech de demain.","potentialAction":[{"@type":"SearchAction","target":{"@type":"EntryPoint","urlTemplate":"https:\/\/randietech.com\/blog\/?s={search_term_string}"},"query-input":{"@type":"PropertyValueSpecification","valueRequired":true,"valueName":"search_term_string"}}],"inLanguage":"fr-FR"},{"@type":"Organization","@id":"https:\/\/randietech.com\/blog\/#organization","name":"Foretsensations.fr","url":"https:\/\/randietech.com\/blog\/","logo":{"@type":"ImageObject","inLanguage":"fr-FR","@id":"https:\/\/randietech.com\/blog\/#\/schema\/logo\/image\/","url":"https:\/\/randietech.com\/blog\/wp-content\/uploads\/2024\/12\/2.png","contentUrl":"https:\/\/randietech.com\/blog\/wp-content\/uploads\/2024\/12\/2.png","width":500,"height":500,"caption":"Foretsensations.fr"},"image":{"@id":"https:\/\/randietech.com\/blog\/#\/schema\/logo\/image\/"}},{"@type":"Person","@id":"https:\/\/randietech.com\/blog\/#\/schema\/person\/3c864cdc320801e3db34b663e7e3f816","name":"Clara Nizard","image":{"@type":"ImageObject","inLanguage":"fr-FR","@id":"https:\/\/randietech.com\/blog\/#\/schema\/person\/image\/","url":"https:\/\/randietech.com\/blog\/wp-content\/uploads\/2026\/06\/persona_clara-n-96x96.jpg","contentUrl":"https:\/\/randietech.com\/blog\/wp-content\/uploads\/2026\/06\/persona_clara-n-96x96.jpg","caption":"Clara Nizard"},"description":"Je suis sp\u00e9cialis\u00e9e dans le mobile et l'\u00e9cosyst\u00e8me num\u00e9rique : smartphones, r\u00e9paration, applications et tendances du web. Mon parcours m\u00eale veille technologique et r\u00e9daction depuis plusieurs ann\u00e9es, avec un faible pour les sujets pratiques \u2014 prolonger la vie de son t\u00e9l\u00e9phone, bien le r\u00e9parer, choisir le bon appareil sans se ruiner. J'aborde aussi la transformation digitale du point de vue de l'utilisateur et des petites structures qui cherchent \u00e0 exister en ligne. Je travaille \u00e0 partir de tests, de fiches techniques v\u00e9rifi\u00e9es et de retours d'usage r\u00e9els, et je distingue toujours la nouveaut\u00e9 marketing de l'avanc\u00e9e utile. Mon angle : d\u00e9mystifier la high-tech pour que chacun reste ma\u00eetre de ses outils plut\u00f4t que d\u00e9pass\u00e9 par eux. J'\u00e9cris clair, court quand il le faut, d\u00e9taill\u00e9 quand le sujet l'exige.","sameAs":["https:\/\/claranizard.fr\/"],"url":"https:\/\/randietech.com\/blog\/auteur\/noname\/"}]}},"_links":{"self":[{"href":"https:\/\/randietech.com\/blog\/wp-json\/wp\/v2\/posts\/8272","targetHints":{"allow":["GET"]}}],"collection":[{"href":"https:\/\/randietech.com\/blog\/wp-json\/wp\/v2\/posts"}],"about":[{"href":"https:\/\/randietech.com\/blog\/wp-json\/wp\/v2\/types\/post"}],"author":[{"embeddable":true,"href":"https:\/\/randietech.com\/blog\/wp-json\/wp\/v2\/users\/34"}],"replies":[{"embeddable":true,"href":"https:\/\/randietech.com\/blog\/wp-json\/wp\/v2\/comments?post=8272"}],"version-history":[{"count":3,"href":"https:\/\/randietech.com\/blog\/wp-json\/wp\/v2\/posts\/8272\/revisions"}],"predecessor-version":[{"id":8632,"href":"https:\/\/randietech.com\/blog\/wp-json\/wp\/v2\/posts\/8272\/revisions\/8632"}],"wp:featuredmedia":[{"embeddable":true,"href":"https:\/\/randietech.com\/blog\/wp-json\/wp\/v2\/media\/8273"}],"wp:attachment":[{"href":"https:\/\/randietech.com\/blog\/wp-json\/wp\/v2\/media?parent=8272"}],"wp:term":[{"taxonomy":"category","embeddable":true,"href":"https:\/\/randietech.com\/blog\/wp-json\/wp\/v2\/categories?post=8272"},{"taxonomy":"post_tag","embeddable":true,"href":"https:\/\/randietech.com\/blog\/wp-json\/wp\/v2\/tags?post=8272"}],"curies":[{"name":"wp","href":"https:\/\/api.w.org\/{rel}","templated":true}]}}