{"id":8564,"date":"2026-06-15T09:00:00","date_gmt":"2026-06-15T09:00:00","guid":{"rendered":"https:\/\/randietech.com\/blog\/?p=8564"},"modified":"2026-06-15T09:00:00","modified_gmt":"2026-06-15T09:00:00","slug":"global-catalog","status":"publish","type":"post","link":"https:\/\/randietech.com\/blog\/bases-de-donnees\/global-catalog\/","title":{"rendered":"Global catalog : D\u00e9finition et utilisation"},"content":{"rendered":"<p>Le terme <strong>global catalog<\/strong> se r\u00e9f\u00e8re \u00e0 une fonctionnalit\u00e9 cl\u00e9 des syst\u00e8mes de gestion d\u2019annuaires, notamment dans les environnements Microsoft Active Directory. Il permet de centraliser et d\u2019indexer les informations sur tous les objets d\u2019un annuaire, facilitant ainsi la recherche et l\u2019acc\u00e8s aux donn\u00e9es. Pour les entreprises, une gestion efficace du global catalog est cruciale pour garantir la conformit\u00e9 aux normes r\u00e9glementaires en 2026, notamment en mati\u00e8re de protection des donn\u00e9es.<\/p>\n<p>Ce syst\u00e8me offre une vue d\u2019ensemble des ressources disponibles au sein d\u2019une organisation, ce qui est essentiel pour optimiser les performances op\u00e9rationnelles et respecter les exigences l\u00e9gales en mati\u00e8re de s\u00e9curit\u00e9 des donn\u00e9es. Ce guide explore la d\u00e9finition, l\u2019utilisation et l\u2019importance du global catalog dans le contexte r\u00e9glementaire actuel.<\/p>\n<h2>Qu\u2019est-ce qu\u2019un Global Catalog ?<\/h2>\n<p>Un <strong>global catalog<\/strong> est un service qui stocke des informations sur tous les objets d\u2019un annuaire Active Directory, incluant utilisateurs, groupes, ordinateurs et autres ressources. Il permet une recherche rapide \u00e0 travers l\u2019ensemble du domaine sans n\u00e9cessiter une requ\u00eate aupr\u00e8s de chaque contr\u00f4leur de domaine.<\/p>\n<h3>Fonctionnalit\u00e9s cl\u00e9s<\/h3>\n<ul>\n<li><strong>Indexation centralis\u00e9e<\/strong> : Toutes les informations n\u00e9cessaires sont accessibles via un point unique.<\/li>\n<li><strong>Recherche rapide<\/strong> : Les requ\u00eates peuvent \u00eatre trait\u00e9es plus rapidement gr\u00e2ce \u00e0 la pr\u00e9-indexation.<\/li>\n<li><strong>R\u00e9duction de la charge r\u00e9seau<\/strong> : Moins de trafic est g\u00e9n\u00e9r\u00e9 entre diff\u00e9rents contr\u00f4leurs de domaine.<\/li>\n<\/ul>\n<h2>Utilisation du Global Catalog<\/h2>\n<p>Le global catalog est utilis\u00e9 principalement pour deux fonctions :<\/p>\n<ol>\n<li><strong>Authentification des utilisateurs<\/strong> : Lorsqu\u2019un utilisateur se connecte \u00e0 un r\u00e9seau, le syst\u00e8me utilise le global catalog pour v\u00e9rifier ses informations d\u2019identit\u00e9.<\/li>\n<li><strong>Recherche d\u2019objets<\/strong> : Les applications peuvent interroger le global catalog pour localiser rapidement des ressources sp\u00e9cifiques au sein de l\u2019organisation.<\/li>\n<\/ol>\n<h3>Exemple concret<\/h3>\n<p>Dans une entreprise avec plusieurs sites r\u00e9partis g\u00e9ographiquement, un global catalog permettrait \u00e0 un employ\u00e9 bas\u00e9 \u00e0 Paris d\u2019acc\u00e9der instantan\u00e9ment aux informations sur un coll\u00e8gue bas\u00e9 \u00e0 Tokyo. En 2026, ce type d\u2019efficacit\u00e9 devient essentiel pour respecter les d\u00e9lais r\u00e9glementaires impos\u00e9s par des normes telles que le RGPD.<\/p>\n<table class=\"kwdbank-table\">\n<thead>\n<tr>\n<th>Fonctionnalit\u00e9<\/th>\n<th>Avantage<\/th>\n<th>Impact sur la conformit\u00e9<\/th>\n<\/tr>\n<\/thead>\n<tbody>\n<tr>\n<td>Authentification rapide<\/td>\n<td>R\u00e9duit le temps de connexion<\/td>\n<td>Am\u00e9liore l\u2019acc\u00e8s s\u00e9curis\u00e9<\/td>\n<\/tr>\n<tr>\n<td>Recherche centralis\u00e9e<\/td>\n<td>Acc\u00e8s imm\u00e9diat aux informations critiques<\/td>\n<td>Facilite le respect des d\u00e9lais r\u00e9glementaires<\/td>\n<\/tr>\n<\/tbody>\n<\/table>\n<h2>Importance r\u00e9glementaire en 2026<\/h2>\n<p>Avec l\u2019\u00e9volution continue des lois sur la protection des donn\u00e9es, comme le RGPD en Europe, il est crucial que les organisations g\u00e8rent efficacement leur global catalog. Une mauvaise gestion peut entra\u00eener des violations co\u00fbteuses et des sanctions l\u00e9gales.<\/p>\n<h3>Pi\u00e8ge \u00e0 \u00e9viter<\/h3>\n<p>Un pi\u00e8ge courant est de n\u00e9gliger la mise \u00e0 jour r\u00e9guli\u00e8re du global catalog. Les entreprises doivent s\u2019assurer que toutes les modifications apport\u00e9es aux objets (ajouts ou suppressions) sont imm\u00e9diatement refl\u00e9t\u00e9es dans le catalogue. Cela garantit non seulement une recherche pr\u00e9cise mais \u00e9galement le respect des obligations l\u00e9gales.<\/p>\n<h2>Meilleures pratiques pour g\u00e9rer un Global Catalog<\/h2>\n<ol>\n<li><strong>Mise \u00e0 jour r\u00e9guli\u00e8re<\/strong> : Assurez-vous que toutes les modifications sont synchronis\u00e9es.<\/li>\n<li><strong>S\u00e9curisation des acc\u00e8s<\/strong> : Limitez qui peut interroger le global catalog afin de prot\u00e9ger les donn\u00e9es sensibles.<\/li>\n<li><strong>Surveillance continue<\/strong> : Utilisez des outils pour surveiller l\u2019int\u00e9grit\u00e9 et la performance du syst\u00e8me.<\/li>\n<\/ol>\n<h2>Conclusion<\/h2>\n<p>La mise en \u0153uvre et la gestion efficaces d\u2019un global catalog sont essentielles non seulement pour am\u00e9liorer l\u2019efficacit\u00e9 op\u00e9rationnelle mais aussi pour assurer la conformit\u00e9 avec les normes r\u00e9glementaires actuelles. Les entreprises doivent \u00eatre proactives dans leur approche afin de minimiser les risques li\u00e9s aux violations de donn\u00e9es.<\/p>\n<h2>FAQ<\/h2>\n<h3>Qu\u2019est-ce qu\u2019un global catalog dans Active Directory ?<\/h3>\n<p>Un global catalog est une base de donn\u00e9es qui stocke des informations sur tous les objets d\u2019un annuaire Active Directory, permettant une recherche rapide et centralis\u00e9e.<\/p>\n<h3>Comment fonctionne un global catalog ?<\/h3>\n<p>Il indexe les informations sur tous les objets d\u2019un annuaire afin que ceux-ci puissent \u00eatre consult\u00e9s rapidement sans interroger chaque contr\u00f4leur de domaine individuellement.<\/p>\n<h3>Pourquoi est-il important de mettre \u00e0 jour r\u00e9guli\u00e8rement le global catalog ?<\/h3>\n<p>Des mises \u00e0 jour r\u00e9guli\u00e8res garantissent que toutes les modifications sont refl\u00e9t\u00e9es dans le catalogue, ce qui est crucial pour la pr\u00e9cision des recherches et le respect des obligations r\u00e9glementaires.<\/p>\n<h3>Quel impact a un global catalog sur la s\u00e9curit\u00e9 des donn\u00e9es ?<\/h3>\n<p>Un bon management du global catalog am\u00e9liore l\u2019acc\u00e8s s\u00e9curis\u00e9 aux ressources tout en garantissant que seules les personnes autoris\u00e9es peuvent consulter certaines informations sensibles.<\/p>\n<h3>Comment optimiser l\u2019utilisation d\u2019un global catalog ?<\/h3>\n<p>En assurant sa mise \u00e0 jour constante, en s\u00e9curisant son acc\u00e8s et en surveillant sa performance r\u00e9guli\u00e8rement.<\/p>\n","protected":false},"excerpt":{"rendered":"","protected":false},"author":34,"featured_media":999999999,"comment_status":"open","ping_status":"open","sticky":false,"template":"","format":"standard","meta":{"_acf_changed":false,"manual_indexmenow":false,"indexmenow_id_project":0,"footnotes":""},"categories":[4747],"tags":[],"class_list":["post-8564","post","type-post","status-publish","format-standard","has-post-thumbnail","hentry","category-bases-de-donnees","generate-columns","tablet-grid-50","mobile-grid-100","grid-parent","grid-25"],"acf":[],"yoast_head":"<!-- This site is optimized with the Yoast SEO Premium plugin v21.3 (Yoast SEO v26.5) - https:\/\/yoast.com\/wordpress\/plugins\/seo\/ -->\n<title>Global catalog : D\u00e9finition et utilisation<\/title>\n<meta name=\"description\" content=\"Le terme global catalog se r\u00e9f\u00e8re \u00e0 une fonctionnalit\u00e9 cl\u00e9 des syst\u00e8mes de gestion d\u2019annuaires, notamment dans les environnements Microsoft Active\" \/>\n<meta name=\"robots\" content=\"index, follow, max-snippet:-1, max-image-preview:large, max-video-preview:-1\" \/>\n<link rel=\"canonical\" href=\"https:\/\/randietech.com\/blog\/bases-de-donnees\/global-catalog\/\" \/>\n<meta property=\"og:locale\" content=\"fr_FR\" \/>\n<meta property=\"og:type\" content=\"article\" \/>\n<meta property=\"og:title\" content=\"Global catalog : D\u00e9finition et utilisation\" \/>\n<meta property=\"og:description\" content=\"Le terme global catalog se r\u00e9f\u00e8re \u00e0 une fonctionnalit\u00e9 cl\u00e9 des syst\u00e8mes de gestion d\u2019annuaires, notamment dans les environnements Microsoft Active\" \/>\n<meta property=\"og:url\" content=\"https:\/\/randietech.com\/blog\/bases-de-donnees\/global-catalog\/\" \/>\n<meta property=\"og:site_name\" content=\"randietech\" \/>\n<meta name=\"author\" content=\"Clara Nizard\" \/>\n<meta name=\"twitter:card\" content=\"summary_large_image\" \/>\n<script type=\"application\/ld+json\" class=\"yoast-schema-graph\">{\"@context\":\"https:\/\/schema.org\",\"@graph\":[{\"@type\":\"NewsArticle\",\"@id\":\"https:\/\/randietech.com\/blog\/bases-de-donnees\/global-catalog\/#article\",\"isPartOf\":{\"@id\":\"https:\/\/randietech.com\/blog\/bases-de-donnees\/global-catalog\/\"},\"author\":{\"name\":\"Clara Nizard\",\"@id\":\"https:\/\/randietech.com\/blog\/#\/schema\/person\/3c864cdc320801e3db34b663e7e3f816\"},\"headline\":\"Global catalog : D\u00e9finition et utilisation\",\"datePublished\":\"2026-06-15T09:00:00+00:00\",\"mainEntityOfPage\":{\"@id\":\"https:\/\/randietech.com\/blog\/bases-de-donnees\/global-catalog\/\"},\"wordCount\":824,\"commentCount\":0,\"publisher\":{\"@id\":\"https:\/\/randietech.com\/blog\/#organization\"},\"image\":{\"@id\":\"https:\/\/randietech.com\/blog\/bases-de-donnees\/global-catalog\/#primaryimage\"},\"thumbnailUrl\":\"https:\/\/images.pexels.com\/photos\/7947853\/pexels-photo-7947853.jpeg?auto=compress&cs=tinysrgb&fit=crop&h=627&w=1200\",\"articleSection\":[\"Bases de Donn\u00e9es\"],\"inLanguage\":\"fr-FR\",\"potentialAction\":[{\"@type\":\"CommentAction\",\"name\":\"Comment\",\"target\":[\"https:\/\/randietech.com\/blog\/bases-de-donnees\/global-catalog\/#respond\"]}]},{\"@type\":\"WebPage\",\"@id\":\"https:\/\/randietech.com\/blog\/bases-de-donnees\/global-catalog\/\",\"url\":\"https:\/\/randietech.com\/blog\/bases-de-donnees\/global-catalog\/\",\"name\":\"Global catalog : D\u00e9finition et utilisation\",\"isPartOf\":{\"@id\":\"https:\/\/randietech.com\/blog\/#website\"},\"primaryImageOfPage\":{\"@id\":\"https:\/\/randietech.com\/blog\/bases-de-donnees\/global-catalog\/#primaryimage\"},\"image\":{\"@id\":\"https:\/\/randietech.com\/blog\/bases-de-donnees\/global-catalog\/#primaryimage\"},\"thumbnailUrl\":\"https:\/\/images.pexels.com\/photos\/7947853\/pexels-photo-7947853.jpeg?auto=compress&cs=tinysrgb&fit=crop&h=627&w=1200\",\"datePublished\":\"2026-06-15T09:00:00+00:00\",\"description\":\"Le terme global catalog se r\u00e9f\u00e8re \u00e0 une fonctionnalit\u00e9 cl\u00e9 des syst\u00e8mes de gestion d\u2019annuaires, notamment dans les environnements Microsoft Active\",\"inLanguage\":\"fr-FR\",\"potentialAction\":[{\"@type\":\"ReadAction\",\"target\":[\"https:\/\/randietech.com\/blog\/bases-de-donnees\/global-catalog\/\"]}]},{\"@type\":\"ImageObject\",\"inLanguage\":\"fr-FR\",\"@id\":\"https:\/\/randietech.com\/blog\/bases-de-donnees\/global-catalog\/#primaryimage\",\"url\":\"https:\/\/images.pexels.com\/photos\/7947853\/pexels-photo-7947853.jpeg?auto=compress&cs=tinysrgb&fit=crop&h=627&w=1200\",\"contentUrl\":\"https:\/\/images.pexels.com\/photos\/7947853\/pexels-photo-7947853.jpeg?auto=compress&cs=tinysrgb&fit=crop&h=627&w=1200\"},{\"@type\":\"WebSite\",\"@id\":\"https:\/\/randietech.com\/blog\/#website\",\"url\":\"https:\/\/randietech.com\/blog\/\",\"name\":\"randietech.com\",\"description\":\"Plongez dans la tech de demain.\",\"publisher\":{\"@id\":\"https:\/\/randietech.com\/blog\/#organization\"},\"alternateName\":\"Plongez dans la tech de demain.\",\"potentialAction\":[{\"@type\":\"SearchAction\",\"target\":{\"@type\":\"EntryPoint\",\"urlTemplate\":\"https:\/\/randietech.com\/blog\/?s={search_term_string}\"},\"query-input\":{\"@type\":\"PropertyValueSpecification\",\"valueRequired\":true,\"valueName\":\"search_term_string\"}}],\"inLanguage\":\"fr-FR\"},{\"@type\":\"Organization\",\"@id\":\"https:\/\/randietech.com\/blog\/#organization\",\"name\":\"Foretsensations.fr\",\"url\":\"https:\/\/randietech.com\/blog\/\",\"logo\":{\"@type\":\"ImageObject\",\"inLanguage\":\"fr-FR\",\"@id\":\"https:\/\/randietech.com\/blog\/#\/schema\/logo\/image\/\",\"url\":\"https:\/\/randietech.com\/blog\/wp-content\/uploads\/2024\/12\/2.png\",\"contentUrl\":\"https:\/\/randietech.com\/blog\/wp-content\/uploads\/2024\/12\/2.png\",\"width\":500,\"height\":500,\"caption\":\"Foretsensations.fr\"},\"image\":{\"@id\":\"https:\/\/randietech.com\/blog\/#\/schema\/logo\/image\/\"}},{\"@type\":\"Person\",\"@id\":\"https:\/\/randietech.com\/blog\/#\/schema\/person\/3c864cdc320801e3db34b663e7e3f816\",\"name\":\"Clara Nizard\",\"image\":{\"@type\":\"ImageObject\",\"inLanguage\":\"fr-FR\",\"@id\":\"https:\/\/randietech.com\/blog\/#\/schema\/person\/image\/\",\"url\":\"https:\/\/randietech.com\/blog\/wp-content\/uploads\/2026\/06\/persona_clara-n-96x96.jpg\",\"contentUrl\":\"https:\/\/randietech.com\/blog\/wp-content\/uploads\/2026\/06\/persona_clara-n-96x96.jpg\",\"caption\":\"Clara Nizard\"},\"description\":\"Je suis sp\u00e9cialis\u00e9e dans le mobile et l'\u00e9cosyst\u00e8me num\u00e9rique : smartphones, r\u00e9paration, applications et tendances du web. Mon parcours m\u00eale veille technologique et r\u00e9daction depuis plusieurs ann\u00e9es, avec un faible pour les sujets pratiques \u2014 prolonger la vie de son t\u00e9l\u00e9phone, bien le r\u00e9parer, choisir le bon appareil sans se ruiner. J'aborde aussi la transformation digitale du point de vue de l'utilisateur et des petites structures qui cherchent \u00e0 exister en ligne. Je travaille \u00e0 partir de tests, de fiches techniques v\u00e9rifi\u00e9es et de retours d'usage r\u00e9els, et je distingue toujours la nouveaut\u00e9 marketing de l'avanc\u00e9e utile. Mon angle : d\u00e9mystifier la high-tech pour que chacun reste ma\u00eetre de ses outils plut\u00f4t que d\u00e9pass\u00e9 par eux. J'\u00e9cris clair, court quand il le faut, d\u00e9taill\u00e9 quand le sujet l'exige.\",\"sameAs\":[\"https:\/\/claranizard.fr\/\"],\"url\":\"https:\/\/randietech.com\/blog\/auteur\/noname\/\"}]}<\/script>\n<!-- \/ Yoast SEO Premium plugin. -->","yoast_head_json":{"title":"Global catalog : D\u00e9finition et utilisation","description":"Le terme global catalog se r\u00e9f\u00e8re \u00e0 une fonctionnalit\u00e9 cl\u00e9 des syst\u00e8mes de gestion d\u2019annuaires, notamment dans les environnements Microsoft Active","robots":{"index":"index","follow":"follow","max-snippet":"max-snippet:-1","max-image-preview":"max-image-preview:large","max-video-preview":"max-video-preview:-1"},"canonical":"https:\/\/randietech.com\/blog\/bases-de-donnees\/global-catalog\/","og_locale":"fr_FR","og_type":"article","og_title":"Global catalog : D\u00e9finition et utilisation","og_description":"Le terme global catalog se r\u00e9f\u00e8re \u00e0 une fonctionnalit\u00e9 cl\u00e9 des syst\u00e8mes de gestion d\u2019annuaires, notamment dans les environnements Microsoft Active","og_url":"https:\/\/randietech.com\/blog\/bases-de-donnees\/global-catalog\/","og_site_name":"randietech","author":"Clara Nizard","twitter_card":"summary_large_image","schema":{"@context":"https:\/\/schema.org","@graph":[{"@type":"NewsArticle","@id":"https:\/\/randietech.com\/blog\/bases-de-donnees\/global-catalog\/#article","isPartOf":{"@id":"https:\/\/randietech.com\/blog\/bases-de-donnees\/global-catalog\/"},"author":{"name":"Clara Nizard","@id":"https:\/\/randietech.com\/blog\/#\/schema\/person\/3c864cdc320801e3db34b663e7e3f816"},"headline":"Global catalog : D\u00e9finition et utilisation","datePublished":"2026-06-15T09:00:00+00:00","mainEntityOfPage":{"@id":"https:\/\/randietech.com\/blog\/bases-de-donnees\/global-catalog\/"},"wordCount":824,"commentCount":0,"publisher":{"@id":"https:\/\/randietech.com\/blog\/#organization"},"image":{"@id":"https:\/\/randietech.com\/blog\/bases-de-donnees\/global-catalog\/#primaryimage"},"thumbnailUrl":"https:\/\/images.pexels.com\/photos\/7947853\/pexels-photo-7947853.jpeg?auto=compress&cs=tinysrgb&fit=crop&h=627&w=1200","articleSection":["Bases de Donn\u00e9es"],"inLanguage":"fr-FR","potentialAction":[{"@type":"CommentAction","name":"Comment","target":["https:\/\/randietech.com\/blog\/bases-de-donnees\/global-catalog\/#respond"]}]},{"@type":"WebPage","@id":"https:\/\/randietech.com\/blog\/bases-de-donnees\/global-catalog\/","url":"https:\/\/randietech.com\/blog\/bases-de-donnees\/global-catalog\/","name":"Global catalog : D\u00e9finition et utilisation","isPartOf":{"@id":"https:\/\/randietech.com\/blog\/#website"},"primaryImageOfPage":{"@id":"https:\/\/randietech.com\/blog\/bases-de-donnees\/global-catalog\/#primaryimage"},"image":{"@id":"https:\/\/randietech.com\/blog\/bases-de-donnees\/global-catalog\/#primaryimage"},"thumbnailUrl":"https:\/\/images.pexels.com\/photos\/7947853\/pexels-photo-7947853.jpeg?auto=compress&cs=tinysrgb&fit=crop&h=627&w=1200","datePublished":"2026-06-15T09:00:00+00:00","description":"Le terme global catalog se r\u00e9f\u00e8re \u00e0 une fonctionnalit\u00e9 cl\u00e9 des syst\u00e8mes de gestion d\u2019annuaires, notamment dans les environnements Microsoft Active","inLanguage":"fr-FR","potentialAction":[{"@type":"ReadAction","target":["https:\/\/randietech.com\/blog\/bases-de-donnees\/global-catalog\/"]}]},{"@type":"ImageObject","inLanguage":"fr-FR","@id":"https:\/\/randietech.com\/blog\/bases-de-donnees\/global-catalog\/#primaryimage","url":"https:\/\/images.pexels.com\/photos\/7947853\/pexels-photo-7947853.jpeg?auto=compress&cs=tinysrgb&fit=crop&h=627&w=1200","contentUrl":"https:\/\/images.pexels.com\/photos\/7947853\/pexels-photo-7947853.jpeg?auto=compress&cs=tinysrgb&fit=crop&h=627&w=1200"},{"@type":"WebSite","@id":"https:\/\/randietech.com\/blog\/#website","url":"https:\/\/randietech.com\/blog\/","name":"randietech.com","description":"Plongez dans la tech de demain.","publisher":{"@id":"https:\/\/randietech.com\/blog\/#organization"},"alternateName":"Plongez dans la tech de demain.","potentialAction":[{"@type":"SearchAction","target":{"@type":"EntryPoint","urlTemplate":"https:\/\/randietech.com\/blog\/?s={search_term_string}"},"query-input":{"@type":"PropertyValueSpecification","valueRequired":true,"valueName":"search_term_string"}}],"inLanguage":"fr-FR"},{"@type":"Organization","@id":"https:\/\/randietech.com\/blog\/#organization","name":"Foretsensations.fr","url":"https:\/\/randietech.com\/blog\/","logo":{"@type":"ImageObject","inLanguage":"fr-FR","@id":"https:\/\/randietech.com\/blog\/#\/schema\/logo\/image\/","url":"https:\/\/randietech.com\/blog\/wp-content\/uploads\/2024\/12\/2.png","contentUrl":"https:\/\/randietech.com\/blog\/wp-content\/uploads\/2024\/12\/2.png","width":500,"height":500,"caption":"Foretsensations.fr"},"image":{"@id":"https:\/\/randietech.com\/blog\/#\/schema\/logo\/image\/"}},{"@type":"Person","@id":"https:\/\/randietech.com\/blog\/#\/schema\/person\/3c864cdc320801e3db34b663e7e3f816","name":"Clara Nizard","image":{"@type":"ImageObject","inLanguage":"fr-FR","@id":"https:\/\/randietech.com\/blog\/#\/schema\/person\/image\/","url":"https:\/\/randietech.com\/blog\/wp-content\/uploads\/2026\/06\/persona_clara-n-96x96.jpg","contentUrl":"https:\/\/randietech.com\/blog\/wp-content\/uploads\/2026\/06\/persona_clara-n-96x96.jpg","caption":"Clara Nizard"},"description":"Je suis sp\u00e9cialis\u00e9e dans le mobile et l'\u00e9cosyst\u00e8me num\u00e9rique : smartphones, r\u00e9paration, applications et tendances du web. Mon parcours m\u00eale veille technologique et r\u00e9daction depuis plusieurs ann\u00e9es, avec un faible pour les sujets pratiques \u2014 prolonger la vie de son t\u00e9l\u00e9phone, bien le r\u00e9parer, choisir le bon appareil sans se ruiner. J'aborde aussi la transformation digitale du point de vue de l'utilisateur et des petites structures qui cherchent \u00e0 exister en ligne. Je travaille \u00e0 partir de tests, de fiches techniques v\u00e9rifi\u00e9es et de retours d'usage r\u00e9els, et je distingue toujours la nouveaut\u00e9 marketing de l'avanc\u00e9e utile. Mon angle : d\u00e9mystifier la high-tech pour que chacun reste ma\u00eetre de ses outils plut\u00f4t que d\u00e9pass\u00e9 par eux. J'\u00e9cris clair, court quand il le faut, d\u00e9taill\u00e9 quand le sujet l'exige.","sameAs":["https:\/\/claranizard.fr\/"],"url":"https:\/\/randietech.com\/blog\/auteur\/noname\/"}]}},"_links":{"self":[{"href":"https:\/\/randietech.com\/blog\/wp-json\/wp\/v2\/posts\/8564","targetHints":{"allow":["GET"]}}],"collection":[{"href":"https:\/\/randietech.com\/blog\/wp-json\/wp\/v2\/posts"}],"about":[{"href":"https:\/\/randietech.com\/blog\/wp-json\/wp\/v2\/types\/post"}],"author":[{"embeddable":true,"href":"https:\/\/randietech.com\/blog\/wp-json\/wp\/v2\/users\/34"}],"replies":[{"embeddable":true,"href":"https:\/\/randietech.com\/blog\/wp-json\/wp\/v2\/comments?post=8564"}],"version-history":[{"count":1,"href":"https:\/\/randietech.com\/blog\/wp-json\/wp\/v2\/posts\/8564\/revisions"}],"predecessor-version":[{"id":8731,"href":"https:\/\/randietech.com\/blog\/wp-json\/wp\/v2\/posts\/8564\/revisions\/8731"}],"wp:attachment":[{"href":"https:\/\/randietech.com\/blog\/wp-json\/wp\/v2\/media?parent=8564"}],"wp:term":[{"taxonomy":"category","embeddable":true,"href":"https:\/\/randietech.com\/blog\/wp-json\/wp\/v2\/categories?post=8564"},{"taxonomy":"post_tag","embeddable":true,"href":"https:\/\/randietech.com\/blog\/wp-json\/wp\/v2\/tags?post=8564"}],"curies":[{"name":"wp","href":"https:\/\/api.w.org\/{rel}","templated":true}]}}